{"id":3147,"date":"2022-09-06T12:18:55","date_gmt":"2022-09-06T10:18:55","guid":{"rendered":"https:\/\/agora.xtec.cat\/ceip-pirineu\/?p=3147"},"modified":"2022-09-06T12:18:55","modified_gmt":"2022-09-06T10:18:55","slug":"reunio-inici-de-curs-2022-2023","status":"publish","type":"post","link":"https:\/\/agora.xtec.cat\/ceip-pirineu\/general\/reunio-inici-de-curs-2022-2023\/","title":{"rendered":"REUNI\u00d3 INICI DE CURS 2022-2023"},"content":{"rendered":"<p><a href=\"https:\/\/agora.xtec.cat\/ceip-pirineu\/wp-content\/uploads\/usu1653\/2022\/09\/inici-de-curs-1-2.jpg\"><img loading=\"lazy\" decoding=\"async\" class=\"alignnone size-full wp-image-3153\" src=\"https:\/\/agora.xtec.cat\/ceip-pirineu\/wp-content\/uploads\/usu1653\/2022\/09\/inici-de-curs-1-2.jpg\" alt=\"\" width=\"346\" height=\"197\" \/><\/a><\/p>\n<p>Benvolgudes fam\u00edlies,<\/p>\n<p>El dimecres 7 de setembre a les 17:00h. farem la reuni\u00f3 d&#8217;inici de curs per totes les fam\u00edlies de P4 a 6\u00e8.<\/p>\n<p>Ens trobarem tots al gimn\u00e0s de l&#8217;escola i despr\u00e9s podreu anar amb la tutora dels vostres fills\/es a veure les aules i on us explicaran el funcionament del curs.<\/p>\n<p>Us hi esperem a tots i a totes!!!!<\/p>\n<p>Bon inici de curs!!<\/p>\n","protected":false},"excerpt":{"rendered":"<p><a href=\"https:\/\/agora.xtec.cat\/ceip-pirineu\/wp-content\/uploads\/usu1653\/2022\/09\/inici-de-curs-1-2.jpg\"><\/a><br \/>\nBenvolgudes fam\u00edlies,<br \/>\nEl dimecres 7 de setembre a les 17:00h. farem la reuni\u00f3 d&#8217;inici de curs per totes les fam\u00edlies de P4 a 6\u00e8.<br \/>\nEns trobarem tots al gimn\u00e0s de l&#8217;escola i despr\u00e9s podreu anar amb la tutora dels vostres fills\/es a veure les aules i&hellip;  <a href=\"https:\/\/agora.xtec.cat\/ceip-pirineu\/general\/reunio-inici-de-curs-2022-2023\/\" title=\"Read REUNI\u00d3 INICI DE CURS 2022-2023\">Llegeix m\u00e9s\u00bb<\/a><\/p>\n","protected":false},"author":10,"featured_media":0,"comment_status":"open","ping_status":"closed","sticky":false,"template":"","format":"standard","meta":{"_bbp_topic_count":0,"_bbp_reply_count":0,"_bbp_total_topic_count":0,"_bbp_total_reply_count":0,"_bbp_voice_count":0,"_bbp_anonymous_reply_count":0,"_bbp_topic_count_hidden":0,"_bbp_reply_count_hidden":0,"_bbp_forum_subforum_count":0,"footnotes":""},"categories":[1,2,4],"tags":[],"class_list":["post-3147","post","type-post","status-publish","format-standard","hentry","category-general","category-infantil","category-portada"],"post_mailing_queue_ids":[],"_links":{"self":[{"href":"https:\/\/agora.xtec.cat\/ceip-pirineu\/wp-json\/wp\/v2\/posts\/3147","targetHints":{"allow":["GET"]}}],"collection":[{"href":"https:\/\/agora.xtec.cat\/ceip-pirineu\/wp-json\/wp\/v2\/posts"}],"about":[{"href":"https:\/\/agora.xtec.cat\/ceip-pirineu\/wp-json\/wp\/v2\/types\/post"}],"author":[{"embeddable":true,"href":"https:\/\/agora.xtec.cat\/ceip-pirineu\/wp-json\/wp\/v2\/users\/10"}],"replies":[{"embeddable":true,"href":"https:\/\/agora.xtec.cat\/ceip-pirineu\/wp-json\/wp\/v2\/comments?post=3147"}],"version-history":[{"count":2,"href":"https:\/\/agora.xtec.cat\/ceip-pirineu\/wp-json\/wp\/v2\/posts\/3147\/revisions"}],"predecessor-version":[{"id":3154,"href":"https:\/\/agora.xtec.cat\/ceip-pirineu\/wp-json\/wp\/v2\/posts\/3147\/revisions\/3154"}],"wp:attachment":[{"href":"https:\/\/agora.xtec.cat\/ceip-pirineu\/wp-json\/wp\/v2\/media?parent=3147"}],"wp:term":[{"taxonomy":"category","embeddable":true,"href":"https:\/\/agora.xtec.cat\/ceip-pirineu\/wp-json\/wp\/v2\/categories?post=3147"},{"taxonomy":"post_tag","embeddable":true,"href":"https:\/\/agora.xtec.cat\/ceip-pirineu\/wp-json\/wp\/v2\/tags?post=3147"}],"curies":[{"name":"wp","href":"https:\/\/api.w.org\/{rel}","templated":true}]}}