{"id":970,"date":"2017-11-22T19:37:49","date_gmt":"2017-11-22T18:37:49","guid":{"rendered":"http:\/\/agora.xtec.cat\/ceip-pins\/?p=970"},"modified":"2017-11-22T19:37:49","modified_gmt":"2017-11-22T18:37:49","slug":"concert-pels-mes-petits-de-lescola","status":"publish","type":"post","link":"https:\/\/agora.xtec.cat\/ceip-pins\/infantil\/p3\/concert-pels-mes-petits-de-lescola\/","title":{"rendered":"Concert pels m\u00e9s petits de l&#8217;escola"},"content":{"rendered":"<p>Estem celebrant Santa Cec\u00edlia i com a dia de la m\u00fasica ho hem celebrat amb un concert.<\/p>\n<p>Avui els petits d&#8217;infantil hem pogut gaudir d&#8217;un magb\u00edfic concert a c\u00e0rrec dels nostres companys m\u00e9s grans de l&#8217;escola.<\/p>\n<p><a href=\"http:\/\/agora.xtec.cat\/ceip-pins\/wp-content\/uploads\/usu1715\/2017\/11\/IMG-20171122-WA0020.jpg\"><img loading=\"lazy\" decoding=\"async\" class=\"aligncenter size-large wp-image-971\" src=\"http:\/\/agora.xtec.cat\/ceip-pins\/wp-content\/uploads\/usu1715\/2017\/11\/IMG-20171122-WA0020-1024x576.jpg\" alt=\"\" width=\"1024\" height=\"576\" srcset=\"https:\/\/agora.xtec.cat\/ceip-pins\/wp-content\/uploads\/usu1715\/2017\/11\/IMG-20171122-WA0020-1024x576.jpg 1024w, https:\/\/agora.xtec.cat\/ceip-pins\/wp-content\/uploads\/usu1715\/2017\/11\/IMG-20171122-WA0020-300x169.jpg 300w, https:\/\/agora.xtec.cat\/ceip-pins\/wp-content\/uploads\/usu1715\/2017\/11\/IMG-20171122-WA0020-768x432.jpg 768w, https:\/\/agora.xtec.cat\/ceip-pins\/wp-content\/uploads\/usu1715\/2017\/11\/IMG-20171122-WA0020.jpg 1600w\" sizes=\"auto, (max-width: 1024px) 100vw, 1024px\" \/><\/a> <a href=\"http:\/\/agora.xtec.cat\/ceip-pins\/wp-content\/uploads\/usu1715\/2017\/11\/IMG-20171122-WA0022.jpg\"><img loading=\"lazy\" decoding=\"async\" class=\"aligncenter size-large wp-image-972\" src=\"http:\/\/agora.xtec.cat\/ceip-pins\/wp-content\/uploads\/usu1715\/2017\/11\/IMG-20171122-WA0022-1024x576.jpg\" alt=\"\" width=\"1024\" height=\"576\" srcset=\"https:\/\/agora.xtec.cat\/ceip-pins\/wp-content\/uploads\/usu1715\/2017\/11\/IMG-20171122-WA0022-1024x576.jpg 1024w, https:\/\/agora.xtec.cat\/ceip-pins\/wp-content\/uploads\/usu1715\/2017\/11\/IMG-20171122-WA0022-300x169.jpg 300w, https:\/\/agora.xtec.cat\/ceip-pins\/wp-content\/uploads\/usu1715\/2017\/11\/IMG-20171122-WA0022-768x432.jpg 768w, https:\/\/agora.xtec.cat\/ceip-pins\/wp-content\/uploads\/usu1715\/2017\/11\/IMG-20171122-WA0022.jpg 1600w\" sizes=\"auto, (max-width: 1024px) 100vw, 1024px\" \/><\/a> <a href=\"http:\/\/agora.xtec.cat\/ceip-pins\/wp-content\/uploads\/usu1715\/2017\/11\/IMG-20171122-WA0024.jpg\"><img loading=\"lazy\" decoding=\"async\" class=\"aligncenter size-large wp-image-973\" src=\"http:\/\/agora.xtec.cat\/ceip-pins\/wp-content\/uploads\/usu1715\/2017\/11\/IMG-20171122-WA0024-1024x576.jpg\" alt=\"\" width=\"1024\" height=\"576\" srcset=\"https:\/\/agora.xtec.cat\/ceip-pins\/wp-content\/uploads\/usu1715\/2017\/11\/IMG-20171122-WA0024-1024x576.jpg 1024w, https:\/\/agora.xtec.cat\/ceip-pins\/wp-content\/uploads\/usu1715\/2017\/11\/IMG-20171122-WA0024-300x169.jpg 300w, https:\/\/agora.xtec.cat\/ceip-pins\/wp-content\/uploads\/usu1715\/2017\/11\/IMG-20171122-WA0024-768x432.jpg 768w, https:\/\/agora.xtec.cat\/ceip-pins\/wp-content\/uploads\/usu1715\/2017\/11\/IMG-20171122-WA0024.jpg 1600w\" sizes=\"auto, (max-width: 1024px) 100vw, 1024px\" \/><\/a><\/p>\n","protected":false},"excerpt":{"rendered":"<p>Estem celebrant Santa Cec\u00edlia i com a dia de la m\u00fasica ho hem celebrat amb un concert.<br \/>\nAvui els petits d&#8217;infantil hem pogut gaudir d&#8217;un magb\u00edfic concert a c\u00e0rrec dels nostres companys m\u00e9s grans de l&#8217;escola.<br \/>\n<a href=\"http:\/\/agora.xtec.cat\/ceip-pins\/wp-content\/uploads\/usu1715\/2017\/11\/IMG-20171122-WA0020.jpg\"><\/a> <a href=\"http:\/\/agora.xtec.cat\/ceip-pins\/wp-content\/uploads\/usu1715\/2017\/11\/IMG-20171122-WA0022.jpg\"><\/a> <a href=\"http:\/\/agora.xtec.cat\/ceip-pins\/wp-content\/uploads\/usu1715\/2017\/11\/IMG-20171122-WA0024.jpg\"><\/a><\/p>\n","protected":false},"author":5,"featured_media":972,"comment_status":"closed","ping_status":"closed","sticky":false,"template":"","format":"standard","meta":{"_bbp_topic_count":0,"_bbp_reply_count":0,"_bbp_total_topic_count":0,"_bbp_total_reply_count":0,"_bbp_voice_count":0,"_bbp_anonymous_reply_count":0,"_bbp_topic_count_hidden":0,"_bbp_reply_count_hidden":0,"_bbp_forum_subforum_count":0,"footnotes":""},"categories":[4,85,3],"tags":[],"class_list":["post-970","post","type-post","status-publish","format-standard","has-post-thumbnail","hentry","category-portada","category-educacio-musical","category-p3"],"post_mailing_queue_ids":[],"_links":{"self":[{"href":"https:\/\/agora.xtec.cat\/ceip-pins\/wp-json\/wp\/v2\/posts\/970","targetHints":{"allow":["GET"]}}],"collection":[{"href":"https:\/\/agora.xtec.cat\/ceip-pins\/wp-json\/wp\/v2\/posts"}],"about":[{"href":"https:\/\/agora.xtec.cat\/ceip-pins\/wp-json\/wp\/v2\/types\/post"}],"author":[{"embeddable":true,"href":"https:\/\/agora.xtec.cat\/ceip-pins\/wp-json\/wp\/v2\/users\/5"}],"replies":[{"embeddable":true,"href":"https:\/\/agora.xtec.cat\/ceip-pins\/wp-json\/wp\/v2\/comments?post=970"}],"version-history":[{"count":1,"href":"https:\/\/agora.xtec.cat\/ceip-pins\/wp-json\/wp\/v2\/posts\/970\/revisions"}],"predecessor-version":[{"id":974,"href":"https:\/\/agora.xtec.cat\/ceip-pins\/wp-json\/wp\/v2\/posts\/970\/revisions\/974"}],"wp:featuredmedia":[{"embeddable":true,"href":"https:\/\/agora.xtec.cat\/ceip-pins\/wp-json\/wp\/v2\/media\/972"}],"wp:attachment":[{"href":"https:\/\/agora.xtec.cat\/ceip-pins\/wp-json\/wp\/v2\/media?parent=970"}],"wp:term":[{"taxonomy":"category","embeddable":true,"href":"https:\/\/agora.xtec.cat\/ceip-pins\/wp-json\/wp\/v2\/categories?post=970"},{"taxonomy":"post_tag","embeddable":true,"href":"https:\/\/agora.xtec.cat\/ceip-pins\/wp-json\/wp\/v2\/tags?post=970"}],"curies":[{"name":"wp","href":"https:\/\/api.w.org\/{rel}","templated":true}]}}