{"id":9312,"date":"2023-02-28T22:25:28","date_gmt":"2023-02-28T21:25:28","guid":{"rendered":"https:\/\/agora.xtec.cat\/ceip-pins\/?p=9312"},"modified":"2023-02-28T22:30:09","modified_gmt":"2023-02-28T21:30:09","slug":"presentacio-dels-gegants-del-pins-a-educacio-infantil","status":"publish","type":"post","link":"https:\/\/agora.xtec.cat\/ceip-pins\/afa\/presentacio-dels-gegants-del-pins-a-educacio-infantil\/","title":{"rendered":"Presentaci\u00f3 dels gegants del Pins a Educaci\u00f3 Infantil"},"content":{"rendered":"<p>El passat divendres per la tarda els m\u00e9s petits de l&#8217;escola van rebre una visita dels gegants del Pins. Aix\u00ed van poder con\u00e8ixer la Pepa, el Lluc, l&#8217;\u00c0liga del Bec Groc, el Drac Pinxo, la nana J\u00falia i el caprgr\u00f2s Roc, i escoltar la hist\u00f2ria del gegants del Pins explicada per la Conxita, una exprofessora del Pins. Despr\u00e9s van poder entrenar-se a portar els gegants pel pat\u00ed, a ritme de la BatuPins Pam Pum.<\/p>\n<p>Si voleu venir a fer ballar els gegants del Pins no us perdeu la <b>9a CERCAVILA d&#8217;ESCOLES DE SANT CUGAT<\/b>, el proper <b>12 de mar\u00e7 a les 10:30h a la Pla\u00e7a de la Vila<\/b>. Recordeu portar la samarreta del Pins o una samarreta verda ! \ud83d\udc55\ud83d\udc55\ud83d\udc55\ud83e\udd41\ud83e\udd41  <\/p>\n<p><img decoding=\"async\" class=\"\" src=\"https:\/\/agora.xtec.cat\/ceip-pins\/wp-content\/uploads\/usu1715\/2023\/02\/202302_presenta_gegants.jpeg\" width=\"100%\" \/><\/p>\n<div style=\"width: 640px;\" class=\"wp-video\"><!--[if lt IE 9]><script>document.createElement('video');<\/script><![endif]-->\n<video class=\"wp-video-shortcode\" id=\"video-9312-1\" width=\"640\" height=\"360\" preload=\"metadata\" controls=\"controls\"><source type=\"video\/mp4\" src=\"https:\/\/agora.xtec.cat\/ceip-pins\/wp-content\/uploads\/usu1715\/2023\/02\/2023_presenta_gegants.mp4?_=1\" \/><a href=\"https:\/\/agora.xtec.cat\/ceip-pins\/wp-content\/uploads\/usu1715\/2023\/02\/2023_presenta_gegants.mp4\">https:\/\/agora.xtec.cat\/ceip-pins\/wp-content\/uploads\/usu1715\/2023\/02\/2023_presenta_gegants.mp4<\/a><\/video><\/div>\n","protected":false},"excerpt":{"rendered":"<p>El passat divendres per la tarda els m\u00e9s petits de l&#8217;escola van rebre una visita dels gegants del Pins. Aix\u00ed van poder con\u00e8ixer la Pepa, el Lluc, l&#8217;\u00c0liga del Bec Groc, el Drac Pinxo, la nana J\u00falia i el caprgr\u00f2s Roc, i escoltar la hist\u00f2ria&hellip;  <a href=\"https:\/\/agora.xtec.cat\/ceip-pins\/afa\/presentacio-dels-gegants-del-pins-a-educacio-infantil\/\" title=\"Read Presentaci\u00f3 dels gegants del Pins a Educaci\u00f3 Infantil\">Llegeix m\u00e9s\u00bb<\/a><\/p>\n","protected":false},"author":4,"featured_media":9313,"comment_status":"closed","ping_status":"closed","sticky":false,"template":"","format":"standard","meta":{"_bbp_topic_count":0,"_bbp_reply_count":0,"_bbp_total_topic_count":0,"_bbp_total_reply_count":0,"_bbp_voice_count":0,"_bbp_anonymous_reply_count":0,"_bbp_topic_count_hidden":0,"_bbp_reply_count_hidden":0,"_bbp_forum_subforum_count":0,"footnotes":""},"categories":[7,363],"tags":[213],"class_list":["post-9312","post","type-post","status-publish","format-standard","has-post-thumbnail","hentry","category-afa","category-curs-22-23","tag-gegants"],"post_mailing_queue_ids":[],"_links":{"self":[{"href":"https:\/\/agora.xtec.cat\/ceip-pins\/wp-json\/wp\/v2\/posts\/9312","targetHints":{"allow":["GET"]}}],"collection":[{"href":"https:\/\/agora.xtec.cat\/ceip-pins\/wp-json\/wp\/v2\/posts"}],"about":[{"href":"https:\/\/agora.xtec.cat\/ceip-pins\/wp-json\/wp\/v2\/types\/post"}],"author":[{"embeddable":true,"href":"https:\/\/agora.xtec.cat\/ceip-pins\/wp-json\/wp\/v2\/users\/4"}],"replies":[{"embeddable":true,"href":"https:\/\/agora.xtec.cat\/ceip-pins\/wp-json\/wp\/v2\/comments?post=9312"}],"version-history":[{"count":3,"href":"https:\/\/agora.xtec.cat\/ceip-pins\/wp-json\/wp\/v2\/posts\/9312\/revisions"}],"predecessor-version":[{"id":9321,"href":"https:\/\/agora.xtec.cat\/ceip-pins\/wp-json\/wp\/v2\/posts\/9312\/revisions\/9321"}],"wp:featuredmedia":[{"embeddable":true,"href":"https:\/\/agora.xtec.cat\/ceip-pins\/wp-json\/wp\/v2\/media\/9313"}],"wp:attachment":[{"href":"https:\/\/agora.xtec.cat\/ceip-pins\/wp-json\/wp\/v2\/media?parent=9312"}],"wp:term":[{"taxonomy":"category","embeddable":true,"href":"https:\/\/agora.xtec.cat\/ceip-pins\/wp-json\/wp\/v2\/categories?post=9312"},{"taxonomy":"post_tag","embeddable":true,"href":"https:\/\/agora.xtec.cat\/ceip-pins\/wp-json\/wp\/v2\/tags?post=9312"}],"curies":[{"name":"wp","href":"https:\/\/api.w.org\/{rel}","templated":true}]}}