{"id":9292,"date":"2023-02-26T00:17:30","date_gmt":"2023-02-25T23:17:30","guid":{"rendered":"https:\/\/agora.xtec.cat\/ceip-pins\/?p=9292"},"modified":"2023-02-26T00:18:46","modified_gmt":"2023-02-25T23:18:46","slug":"exit-del-retorn-del-divendres-de-contacontes","status":"publish","type":"post","link":"https:\/\/agora.xtec.cat\/ceip-pins\/afa\/exit-del-retorn-del-divendres-de-contacontes\/","title":{"rendered":"\u00c8xit del retorn del Divendres de Contacontes"},"content":{"rendered":"<p><img loading=\"lazy\" decoding=\"async\" class=\"wp-image-9293 alignleft\" src=\"https:\/\/agora.xtec.cat\/ceip-pins\/wp-content\/uploads\/usu1715\/2023\/02\/202302_divendres_contacontes-1024x768.jpeg\" alt=\"\" width=\"539\" height=\"404\" srcset=\"https:\/\/agora.xtec.cat\/ceip-pins\/wp-content\/uploads\/usu1715\/2023\/02\/202302_divendres_contacontes-1024x768.jpeg 1024w, https:\/\/agora.xtec.cat\/ceip-pins\/wp-content\/uploads\/usu1715\/2023\/02\/202302_divendres_contacontes-300x225.jpeg 300w, https:\/\/agora.xtec.cat\/ceip-pins\/wp-content\/uploads\/usu1715\/2023\/02\/202302_divendres_contacontes-768x576.jpeg 768w, https:\/\/agora.xtec.cat\/ceip-pins\/wp-content\/uploads\/usu1715\/2023\/02\/202302_divendres_contacontes-1536x1152.jpeg 1536w, https:\/\/agora.xtec.cat\/ceip-pins\/wp-content\/uploads\/usu1715\/2023\/02\/202302_divendres_contacontes-200x150.jpeg 200w, https:\/\/agora.xtec.cat\/ceip-pins\/wp-content\/uploads\/usu1715\/2023\/02\/202302_divendres_contacontes.jpeg 1600w\" sizes=\"auto, (max-width: 539px) 100vw, 539px\" \/>El passat divendres es va reprendre l&#8217;activitat de Divendres de Contacontes, que es repetir\u00e0 cada \u00faltim divendres de mes. Els m\u00e9s petits van poder gaudir d&#8217;un conte la biblioteca preparat per una mare de l&#8217;escola.<\/p>\n<p>Volem animar a mares, pares, avis, \u00e0vies, i altres familiars i amics a explicar contes en propers Divendres de Contacontes. Si esteu interessats, podeu contactar amb l&#8217;AFA per Dinantia.<\/p>\n","protected":false},"excerpt":{"rendered":"<p>El passat divendres es va reprendre l&#8217;activitat de Divendres de Contacontes, que es repetir\u00e0 cada \u00faltim divendres de mes. Els m\u00e9s petits van poder gaudir d&#8217;un conte la biblioteca preparat per una mare de l&#8217;escola.<br \/>\nVolem animar a mares, pares, avis, \u00e0vies, i altres familiars i&hellip;  <a href=\"https:\/\/agora.xtec.cat\/ceip-pins\/afa\/exit-del-retorn-del-divendres-de-contacontes\/\" title=\"Read \u00c8xit del retorn del Divendres de Contacontes\">Llegeix m\u00e9s\u00bb<\/a><\/p>\n","protected":false},"author":4,"featured_media":9293,"comment_status":"closed","ping_status":"closed","sticky":false,"template":"","format":"standard","meta":{"_bbp_topic_count":0,"_bbp_reply_count":0,"_bbp_total_topic_count":0,"_bbp_total_reply_count":0,"_bbp_voice_count":0,"_bbp_anonymous_reply_count":0,"_bbp_topic_count_hidden":0,"_bbp_reply_count_hidden":0,"_bbp_forum_subforum_count":0,"footnotes":""},"categories":[7,363],"tags":[138],"class_list":["post-9292","post","type-post","status-publish","format-standard","has-post-thumbnail","hentry","category-afa","category-curs-22-23","tag-contacontes"],"post_mailing_queue_ids":[],"_links":{"self":[{"href":"https:\/\/agora.xtec.cat\/ceip-pins\/wp-json\/wp\/v2\/posts\/9292","targetHints":{"allow":["GET"]}}],"collection":[{"href":"https:\/\/agora.xtec.cat\/ceip-pins\/wp-json\/wp\/v2\/posts"}],"about":[{"href":"https:\/\/agora.xtec.cat\/ceip-pins\/wp-json\/wp\/v2\/types\/post"}],"author":[{"embeddable":true,"href":"https:\/\/agora.xtec.cat\/ceip-pins\/wp-json\/wp\/v2\/users\/4"}],"replies":[{"embeddable":true,"href":"https:\/\/agora.xtec.cat\/ceip-pins\/wp-json\/wp\/v2\/comments?post=9292"}],"version-history":[{"count":3,"href":"https:\/\/agora.xtec.cat\/ceip-pins\/wp-json\/wp\/v2\/posts\/9292\/revisions"}],"predecessor-version":[{"id":9296,"href":"https:\/\/agora.xtec.cat\/ceip-pins\/wp-json\/wp\/v2\/posts\/9292\/revisions\/9296"}],"wp:featuredmedia":[{"embeddable":true,"href":"https:\/\/agora.xtec.cat\/ceip-pins\/wp-json\/wp\/v2\/media\/9293"}],"wp:attachment":[{"href":"https:\/\/agora.xtec.cat\/ceip-pins\/wp-json\/wp\/v2\/media?parent=9292"}],"wp:term":[{"taxonomy":"category","embeddable":true,"href":"https:\/\/agora.xtec.cat\/ceip-pins\/wp-json\/wp\/v2\/categories?post=9292"},{"taxonomy":"post_tag","embeddable":true,"href":"https:\/\/agora.xtec.cat\/ceip-pins\/wp-json\/wp\/v2\/tags?post=9292"}],"curies":[{"name":"wp","href":"https:\/\/api.w.org\/{rel}","templated":true}]}}