{"id":8877,"date":"2022-06-01T21:30:59","date_gmt":"2022-06-01T19:30:59","guid":{"rendered":"https:\/\/agora.xtec.cat\/ceip-pins\/?p=8877"},"modified":"2022-06-01T21:31:21","modified_gmt":"2022-06-01T19:31:21","slug":"torna-el-final-de-curs-de-dansa-a-la-placa","status":"publish","type":"post","link":"https:\/\/agora.xtec.cat\/ceip-pins\/afa\/torna-el-final-de-curs-de-dansa-a-la-placa\/","title":{"rendered":"El 4 de juny torna el final de curs de dansa a la pla\u00e7a"},"content":{"rendered":"<p><img decoding=\"async\" src=\"https:\/\/agora.xtec.cat\/ceip-pins\/wp-content\/uploads\/usu1715\/2022\/06\/1652968171-af1c-banner-andanca-a-placa1.jpg\"\/><\/p>\n<p>Benvolgudes fam\u00edlies,<\/p>\n<p>Despr\u00e9s de dos anys, estem molt contentes de comunicar-vos que, per fi torna el final de curs a l\u2019Esbart i l&#8217;Andan\u00e7a a Pla\u00e7a!<\/p>\n<p>Guardeu b\u00e9 la data, perqu\u00e8 dissabte 4 de juny omplirem la Pl. d&#8217;Octavi\u00e0 de dansa amb tots els grups d&#8217;Andan\u00e7a: <\/p>\n<p>Les alumnes de dansa del <b>Pins<\/b> de P5 a 2n actuaran a les 19:30h juntament amb tots els grups de l&#8217;esbart<\/p>\n<p>Us esperem a tots i totes !<\/p>\n","protected":false},"excerpt":{"rendered":"<p>Despr\u00e9s de dos anys, estem molt contentes de comunicar-vos que, per fi torna el final de curs a l\u2019Esbart i l&#8217;Andan\u00e7a a Pla\u00e7a!&hellip;  <a href=\"https:\/\/agora.xtec.cat\/ceip-pins\/afa\/torna-el-final-de-curs-de-dansa-a-la-placa\/\" title=\"Read El 4 de juny torna el final de curs de dansa a la pla\u00e7a\">Llegeix m\u00e9s\u00bb<\/a><\/p>\n","protected":false},"author":4,"featured_media":8882,"comment_status":"closed","ping_status":"closed","sticky":false,"template":"","format":"standard","meta":{"_bbp_topic_count":0,"_bbp_reply_count":0,"_bbp_total_topic_count":0,"_bbp_total_reply_count":0,"_bbp_voice_count":0,"_bbp_anonymous_reply_count":0,"_bbp_topic_count_hidden":0,"_bbp_reply_count_hidden":0,"_bbp_forum_subforum_count":0,"footnotes":""},"categories":[7],"tags":[318],"class_list":["post-8877","post","type-post","status-publish","format-standard","has-post-thumbnail","hentry","category-afa","tag-paidosipins"],"post_mailing_queue_ids":[],"_links":{"self":[{"href":"https:\/\/agora.xtec.cat\/ceip-pins\/wp-json\/wp\/v2\/posts\/8877","targetHints":{"allow":["GET"]}}],"collection":[{"href":"https:\/\/agora.xtec.cat\/ceip-pins\/wp-json\/wp\/v2\/posts"}],"about":[{"href":"https:\/\/agora.xtec.cat\/ceip-pins\/wp-json\/wp\/v2\/types\/post"}],"author":[{"embeddable":true,"href":"https:\/\/agora.xtec.cat\/ceip-pins\/wp-json\/wp\/v2\/users\/4"}],"replies":[{"embeddable":true,"href":"https:\/\/agora.xtec.cat\/ceip-pins\/wp-json\/wp\/v2\/comments?post=8877"}],"version-history":[{"count":3,"href":"https:\/\/agora.xtec.cat\/ceip-pins\/wp-json\/wp\/v2\/posts\/8877\/revisions"}],"predecessor-version":[{"id":8884,"href":"https:\/\/agora.xtec.cat\/ceip-pins\/wp-json\/wp\/v2\/posts\/8877\/revisions\/8884"}],"wp:featuredmedia":[{"embeddable":true,"href":"https:\/\/agora.xtec.cat\/ceip-pins\/wp-json\/wp\/v2\/media\/8882"}],"wp:attachment":[{"href":"https:\/\/agora.xtec.cat\/ceip-pins\/wp-json\/wp\/v2\/media?parent=8877"}],"wp:term":[{"taxonomy":"category","embeddable":true,"href":"https:\/\/agora.xtec.cat\/ceip-pins\/wp-json\/wp\/v2\/categories?post=8877"},{"taxonomy":"post_tag","embeddable":true,"href":"https:\/\/agora.xtec.cat\/ceip-pins\/wp-json\/wp\/v2\/tags?post=8877"}],"curies":[{"name":"wp","href":"https:\/\/api.w.org\/{rel}","templated":true}]}}