{"id":8337,"date":"2021-12-17T17:26:29","date_gmt":"2021-12-17T16:26:29","guid":{"rendered":"https:\/\/agora.xtec.cat\/ceip-pins\/?p=8337"},"modified":"2021-12-20T09:28:23","modified_gmt":"2021-12-20T08:28:23","slug":"ultim-concert-de-nadal-dels-infants-de-sise","status":"publish","type":"post","link":"https:\/\/agora.xtec.cat\/ceip-pins\/portada\/ultim-concert-de-nadal-dels-infants-de-sise\/","title":{"rendered":"ULTIM CONCERT DE NADAL DELS INFANTS DE SIS\u00c8"},"content":{"rendered":"<p><a href=\"https:\/\/agora.xtec.cat\/ceip-pins\/wp-content\/uploads\/usu1715\/2021\/12\/Captura-de-pantalla-2021-12-20-092532.png\"><img loading=\"lazy\" decoding=\"async\" class=\"aligncenter size-medium wp-image-8338\" src=\"https:\/\/agora.xtec.cat\/ceip-pins\/wp-content\/uploads\/usu1715\/2021\/12\/Captura-de-pantalla-2021-12-20-092532-300x247.png\" alt=\"\" width=\"300\" height=\"247\" srcset=\"https:\/\/agora.xtec.cat\/ceip-pins\/wp-content\/uploads\/usu1715\/2021\/12\/Captura-de-pantalla-2021-12-20-092532-300x247.png 300w, https:\/\/agora.xtec.cat\/ceip-pins\/wp-content\/uploads\/usu1715\/2021\/12\/Captura-de-pantalla-2021-12-20-092532.png 744w\" sizes=\"auto, (max-width: 300px) 100vw, 300px\" \/><\/a> <a href=\"https:\/\/agora.xtec.cat\/ceip-pins\/wp-content\/uploads\/usu1715\/2021\/12\/Captura-de-pantalla-2021-12-20-092602.png\"><img loading=\"lazy\" decoding=\"async\" class=\"aligncenter size-medium wp-image-8339\" src=\"https:\/\/agora.xtec.cat\/ceip-pins\/wp-content\/uploads\/usu1715\/2021\/12\/Captura-de-pantalla-2021-12-20-092602-300x247.png\" alt=\"\" width=\"300\" height=\"247\" srcset=\"https:\/\/agora.xtec.cat\/ceip-pins\/wp-content\/uploads\/usu1715\/2021\/12\/Captura-de-pantalla-2021-12-20-092602-300x247.png 300w, https:\/\/agora.xtec.cat\/ceip-pins\/wp-content\/uploads\/usu1715\/2021\/12\/Captura-de-pantalla-2021-12-20-092602.png 744w\" sizes=\"auto, (max-width: 300px) 100vw, 300px\" \/><\/a><\/p>\n<p>Moment previ al nostre \u00faltim concert de Nadal en aquesta escola.<\/p>\n<p>\ud83c\udf20\ud83c\udf84\u2728\ud83c\udf84\ud83c\udf20<\/p>\n<p>Nervis, il\u00b7lusi\u00f3, melancolia, enyoran\u00e7a han estat alguns dels sentiments durant aquesta darrera actuaci\u00f3 despr\u00e9s de 9 anys a l&#8217;escola.<\/p>\n<p>\ud83d\udc9a \ud83d\udc9a \ud83d\udc9a<\/p>\n<p>Gr\u00e0cies per venir i&#8230;<br \/>\nBON NADAL!!!<\/p>\n","protected":false},"excerpt":{"rendered":"<p><a href=\"https:\/\/agora.xtec.cat\/ceip-pins\/wp-content\/uploads\/usu1715\/2021\/12\/Captura-de-pantalla-2021-12-20-092532.png\"><\/a> <a href=\"https:\/\/agora.xtec.cat\/ceip-pins\/wp-content\/uploads\/usu1715\/2021\/12\/Captura-de-pantalla-2021-12-20-092602.png\"><\/a><br \/>\nMoment previ al nostre \u00faltim concert de Nadal en aquesta escola.<br \/>\n\ud83c\udf20\ud83c\udf84\u2728\ud83c\udf84\ud83c\udf20<br \/>\nNervis, il\u00b7lusi\u00f3, melancolia, enyoran\u00e7a han estat alguns dels sentiments durant aquesta darrera actuaci\u00f3 despr\u00e9s de 9 anys a l&#8217;escola.<br \/>\n\ud83d\udc9a \ud83d\udc9a \ud83d\udc9a<br \/>\nGr\u00e0cies per venir i&#8230;<br \/>\nBON NADAL!!!<\/p>\n","protected":false},"author":3,"featured_media":8339,"comment_status":"closed","ping_status":"closed","sticky":false,"template":"","format":"standard","meta":{"_bbp_topic_count":0,"_bbp_reply_count":0,"_bbp_total_topic_count":0,"_bbp_total_reply_count":0,"_bbp_voice_count":0,"_bbp_anonymous_reply_count":0,"_bbp_topic_count_hidden":0,"_bbp_reply_count_hidden":0,"_bbp_forum_subforum_count":0,"footnotes":""},"categories":[4,15,343,85],"tags":[],"class_list":["post-8337","post","type-post","status-publish","format-standard","has-post-thumbnail","hentry","category-portada","category-6e","category-curs21-22","category-educacio-musical"],"post_mailing_queue_ids":[],"_links":{"self":[{"href":"https:\/\/agora.xtec.cat\/ceip-pins\/wp-json\/wp\/v2\/posts\/8337","targetHints":{"allow":["GET"]}}],"collection":[{"href":"https:\/\/agora.xtec.cat\/ceip-pins\/wp-json\/wp\/v2\/posts"}],"about":[{"href":"https:\/\/agora.xtec.cat\/ceip-pins\/wp-json\/wp\/v2\/types\/post"}],"author":[{"embeddable":true,"href":"https:\/\/agora.xtec.cat\/ceip-pins\/wp-json\/wp\/v2\/users\/3"}],"replies":[{"embeddable":true,"href":"https:\/\/agora.xtec.cat\/ceip-pins\/wp-json\/wp\/v2\/comments?post=8337"}],"version-history":[{"count":1,"href":"https:\/\/agora.xtec.cat\/ceip-pins\/wp-json\/wp\/v2\/posts\/8337\/revisions"}],"predecessor-version":[{"id":8340,"href":"https:\/\/agora.xtec.cat\/ceip-pins\/wp-json\/wp\/v2\/posts\/8337\/revisions\/8340"}],"wp:featuredmedia":[{"embeddable":true,"href":"https:\/\/agora.xtec.cat\/ceip-pins\/wp-json\/wp\/v2\/media\/8339"}],"wp:attachment":[{"href":"https:\/\/agora.xtec.cat\/ceip-pins\/wp-json\/wp\/v2\/media?parent=8337"}],"wp:term":[{"taxonomy":"category","embeddable":true,"href":"https:\/\/agora.xtec.cat\/ceip-pins\/wp-json\/wp\/v2\/categories?post=8337"},{"taxonomy":"post_tag","embeddable":true,"href":"https:\/\/agora.xtec.cat\/ceip-pins\/wp-json\/wp\/v2\/tags?post=8337"}],"curies":[{"name":"wp","href":"https:\/\/api.w.org\/{rel}","templated":true}]}}