{"id":7603,"date":"2021-06-14T17:14:50","date_gmt":"2021-06-14T15:14:50","guid":{"rendered":"http:\/\/agora.xtec.cat\/ceip-pins\/?p=7603"},"modified":"2021-06-14T17:14:50","modified_gmt":"2021-06-14T15:14:50","slug":"think-coreografia-i-percussio-corporal","status":"publish","type":"post","link":"https:\/\/agora.xtec.cat\/ceip-pins\/general\/think-coreografia-i-percussio-corporal\/","title":{"rendered":"Think. Coreografia i percussi\u00f3 corporal"},"content":{"rendered":"<p>Des de l&#8217;\u00e0rea de m\u00fasica i dansa l&#8217;alumnat de prim\u00e0ria hem fet una coreografia i percussi\u00f3 corporal proposada per La\u00a0<span class=\"hiddenSpellError\">Batuescola<\/span>\u00a0de la can\u00e7\u00f3\u00a0<span class=\"hiddenSpellError\">Think<\/span>\u00a0d&#8217;Aretha Franklin (<span class=\"hiddenSpellError\">The<\/span>\u00a0Blues\u00a0<span class=\"hiddenSpellError\">Brothers<\/span>).<br \/>\nHem fet l&#8217;enregistrament tres o quatre grups junts de diferents edats, ja que cada cicle feia la seva percussi\u00f3 corporal i queda molt b\u00e9 quan ho fem a la vegada.<br \/>\nEsperem que us agradi!<\/p>\n<p><iframe loading=\"lazy\" title=\"THINK\" width=\"500\" height=\"281\" src=\"https:\/\/www.youtube.com\/embed\/hnFySvqgmBI?feature=oembed\" frameborder=\"0\" allow=\"accelerometer; autoplay; clipboard-write; encrypted-media; gyroscope; picture-in-picture; web-share\" referrerpolicy=\"strict-origin-when-cross-origin\" allowfullscreen><\/iframe><\/p>\n<p>&nbsp;<\/p>\n","protected":false},"excerpt":{"rendered":"<p>Des de l&#8217;\u00e0rea de m\u00fasica i dansa l&#8217;alumnat de prim\u00e0ria hem fet una coreografia i percussi\u00f3 corporal proposada per La\u00a0Batuescola\u00a0de la can\u00e7\u00f3\u00a0Think\u00a0d&#8217;Aretha Franklin (The\u00a0Blues\u00a0Brothers).<br \/>\nHem fet l&#8217;enregistrament tres o quatre grups junts de diferents edats, ja que cada cicle feia la seva percussi\u00f3 corporal i queda&hellip;  <a href=\"https:\/\/agora.xtec.cat\/ceip-pins\/general\/think-coreografia-i-percussio-corporal\/\" title=\"Read Think. Coreografia i percussi\u00f3 corporal\">Llegeix m\u00e9s\u00bb<\/a><\/p>\n","protected":false},"author":5,"featured_media":7604,"comment_status":"closed","ping_status":"closed","sticky":false,"template":"","format":"standard","meta":{"_bbp_topic_count":0,"_bbp_reply_count":0,"_bbp_total_topic_count":0,"_bbp_total_reply_count":0,"_bbp_voice_count":0,"_bbp_anonymous_reply_count":0,"_bbp_topic_count_hidden":0,"_bbp_reply_count_hidden":0,"_bbp_forum_subforum_count":0,"footnotes":""},"categories":[4,337,84,1,85,5],"tags":[],"class_list":["post-7603","post","type-post","status-publish","format-standard","has-post-thumbnail","hentry","category-portada","category-curs20-21","category-especialitats","category-general","category-educacio-musical","category-primaria"],"post_mailing_queue_ids":[],"_links":{"self":[{"href":"https:\/\/agora.xtec.cat\/ceip-pins\/wp-json\/wp\/v2\/posts\/7603","targetHints":{"allow":["GET"]}}],"collection":[{"href":"https:\/\/agora.xtec.cat\/ceip-pins\/wp-json\/wp\/v2\/posts"}],"about":[{"href":"https:\/\/agora.xtec.cat\/ceip-pins\/wp-json\/wp\/v2\/types\/post"}],"author":[{"embeddable":true,"href":"https:\/\/agora.xtec.cat\/ceip-pins\/wp-json\/wp\/v2\/users\/5"}],"replies":[{"embeddable":true,"href":"https:\/\/agora.xtec.cat\/ceip-pins\/wp-json\/wp\/v2\/comments?post=7603"}],"version-history":[{"count":1,"href":"https:\/\/agora.xtec.cat\/ceip-pins\/wp-json\/wp\/v2\/posts\/7603\/revisions"}],"predecessor-version":[{"id":7605,"href":"https:\/\/agora.xtec.cat\/ceip-pins\/wp-json\/wp\/v2\/posts\/7603\/revisions\/7605"}],"wp:featuredmedia":[{"embeddable":true,"href":"https:\/\/agora.xtec.cat\/ceip-pins\/wp-json\/wp\/v2\/media\/7604"}],"wp:attachment":[{"href":"https:\/\/agora.xtec.cat\/ceip-pins\/wp-json\/wp\/v2\/media?parent=7603"}],"wp:term":[{"taxonomy":"category","embeddable":true,"href":"https:\/\/agora.xtec.cat\/ceip-pins\/wp-json\/wp\/v2\/categories?post=7603"},{"taxonomy":"post_tag","embeddable":true,"href":"https:\/\/agora.xtec.cat\/ceip-pins\/wp-json\/wp\/v2\/tags?post=7603"}],"curies":[{"name":"wp","href":"https:\/\/api.w.org\/{rel}","templated":true}]}}