{"id":7556,"date":"2021-04-29T15:30:26","date_gmt":"2021-04-29T13:30:26","guid":{"rendered":"http:\/\/agora.xtec.cat\/ceip-pins\/?p=7556"},"modified":"2021-04-29T15:30:26","modified_gmt":"2021-04-29T13:30:26","slug":"sant-jordi-abril-21-danses","status":"publish","type":"post","link":"https:\/\/agora.xtec.cat\/ceip-pins\/general\/sant-jordi-abril-21-danses\/","title":{"rendered":"Sant Jordi Abril 21&#8242; Danses"},"content":{"rendered":"<p><iframe loading=\"lazy\" title=\"DANSES SANT JORDI\" width=\"500\" height=\"281\" src=\"https:\/\/www.youtube.com\/embed\/PWDkD9MAJGE?feature=oembed\" frameborder=\"0\" allow=\"accelerometer; autoplay; clipboard-write; encrypted-media; gyroscope; picture-in-picture; web-share\" referrerpolicy=\"strict-origin-when-cross-origin\" allowfullscreen><\/iframe><\/p>\n<p>Divendres passat, dia 23 d&#8217;Abril, vam celebrar a l&#8217;escola la Festa de Sant Jordi!<\/p>\n<p>Aquest any vam ballar les danses a tres espais diferents per poder respectar els grups bombolla i tots els nens i nenes van poder veure les danses de prim\u00e0ria. A la tarda, els infants d&#8217;educaci\u00f3 infantil, van fer la seva ballada a la pista. Aquestes danses, les hem preparat des de l&#8217;\u00e0rea de m\u00fasica i dansa cada grup amb moltes ganes i il\u00b7lusi\u00f3. Aqu\u00ed teniu un recull de les fotografies de l&#8217;alumnat de l&#8217;escola!<\/p>\n","protected":false},"excerpt":{"rendered":"<p>Divendres passat, dia 23 d&#8217;Abril, vam celebrar a l&#8217;escola la Festa de Sant Jordi!<br \/>\nAquest any vam ballar les danses a tres espais diferents per poder respectar els grups bombolla i tots els nens i nenes van poder veure les danses de prim\u00e0ria. A la tarda,&hellip;  <a href=\"https:\/\/agora.xtec.cat\/ceip-pins\/general\/sant-jordi-abril-21-danses\/\" title=\"Read Sant Jordi Abril 21&#8242; Danses\">Llegeix m\u00e9s\u00bb<\/a><\/p>\n","protected":false},"author":5,"featured_media":7557,"comment_status":"closed","ping_status":"closed","sticky":false,"template":"","format":"standard","meta":{"_bbp_topic_count":0,"_bbp_reply_count":0,"_bbp_total_topic_count":0,"_bbp_total_reply_count":0,"_bbp_voice_count":0,"_bbp_anonymous_reply_count":0,"_bbp_topic_count_hidden":0,"_bbp_reply_count_hidden":0,"_bbp_forum_subforum_count":0,"footnotes":""},"categories":[337,84,1,2,85,5],"tags":[],"class_list":["post-7556","post","type-post","status-publish","format-standard","has-post-thumbnail","hentry","category-curs20-21","category-especialitats","category-general","category-infantil","category-educacio-musical","category-primaria"],"post_mailing_queue_ids":[],"_links":{"self":[{"href":"https:\/\/agora.xtec.cat\/ceip-pins\/wp-json\/wp\/v2\/posts\/7556","targetHints":{"allow":["GET"]}}],"collection":[{"href":"https:\/\/agora.xtec.cat\/ceip-pins\/wp-json\/wp\/v2\/posts"}],"about":[{"href":"https:\/\/agora.xtec.cat\/ceip-pins\/wp-json\/wp\/v2\/types\/post"}],"author":[{"embeddable":true,"href":"https:\/\/agora.xtec.cat\/ceip-pins\/wp-json\/wp\/v2\/users\/5"}],"replies":[{"embeddable":true,"href":"https:\/\/agora.xtec.cat\/ceip-pins\/wp-json\/wp\/v2\/comments?post=7556"}],"version-history":[{"count":1,"href":"https:\/\/agora.xtec.cat\/ceip-pins\/wp-json\/wp\/v2\/posts\/7556\/revisions"}],"predecessor-version":[{"id":7558,"href":"https:\/\/agora.xtec.cat\/ceip-pins\/wp-json\/wp\/v2\/posts\/7556\/revisions\/7558"}],"wp:featuredmedia":[{"embeddable":true,"href":"https:\/\/agora.xtec.cat\/ceip-pins\/wp-json\/wp\/v2\/media\/7557"}],"wp:attachment":[{"href":"https:\/\/agora.xtec.cat\/ceip-pins\/wp-json\/wp\/v2\/media?parent=7556"}],"wp:term":[{"taxonomy":"category","embeddable":true,"href":"https:\/\/agora.xtec.cat\/ceip-pins\/wp-json\/wp\/v2\/categories?post=7556"},{"taxonomy":"post_tag","embeddable":true,"href":"https:\/\/agora.xtec.cat\/ceip-pins\/wp-json\/wp\/v2\/tags?post=7556"}],"curies":[{"name":"wp","href":"https:\/\/api.w.org\/{rel}","templated":true}]}}