{"id":7447,"date":"2021-02-17T21:01:51","date_gmt":"2021-02-17T20:01:51","guid":{"rendered":"http:\/\/agora.xtec.cat\/ceip-pins\/?p=7447"},"modified":"2021-02-17T22:42:12","modified_gmt":"2021-02-17T21:42:12","slug":"projecte-sol-lewitt","status":"publish","type":"post","link":"https:\/\/agora.xtec.cat\/ceip-pins\/general\/projecte-sol-lewitt\/","title":{"rendered":"PROJECTE SOL LEWITT"},"content":{"rendered":"<p>El curs passat , els nens i nenes del Cicle Inicial , van comen\u00e7ar un projecte\u00a0 de caire globalitzat a partir de l&#8217;obra de l &#8216;artista Sol Lewitt. Una de les vessants de treball d&#8217;aquest artista \u00e9s la pintura mural. La nostra escola\u00a0 disposa de moltes parets\u00a0 buides i vam decidir pintar-les tot inspirant-nos en aquest artista.\u00a0 La visita al CaixaForum a Barcelona ,on tenim la sort de poder gaudir d&#8217;un dels seus murals ( &#8220;Splat&#8221;) , va ser l&#8217;inici d&#8217;aquesta aventura . La sessi\u00f3 la va portar una ballarina que va convidar als infants a moure el cos tot seguint les l\u00ednies de l&#8217;obra d&#8217;art .<\/p>\n<p>A l&#8217;escola , cada classe va triar un mural i va comen\u00e7ar la feina d&#8217;indagaci\u00f3, observaci\u00f3 , percepci\u00f3 i creativitat en cadascuna de les obres . Algunes convidaven a un treball de caire matem\u00e0tic on els nens i nenes van treballar amb diferents estris ( regle , comp\u00e0s,..) elements de geometria . Els grans van ser els que van ensenyar als petits com fer servir estris com el comp\u00e0s. El treball d&#8217;una de les obres va anar dirigit m\u00e9s cap a\u00a0 l&#8217;estudi dels pol\u00edgons\u00a0 intentant encaixar-los dins d&#8217;un rectangle. L&#8217;expressivitat de les l\u00ednies segons si s\u00f3n m\u00e9s corbes i suaus o m\u00e9s rectes , nervioses i din\u00e0miques\u00a0 va provocar converses on es relacionava la tipologia de les l\u00ednies amb les emocions . Interessants converses davant de les obres , escrits on els infants explicaven el que veien\u00a0 i el que\u00a0 sentien van ser moments que van ser presents a\u00a0 totes\u00a0 les aules.\u00a0 Havent triat el projecte guanyador de cada classe , ens van confinar a casa per la pand\u00e8mia de la Covid19.<\/p>\n<p>Aquest curs hem posat fil a l&#8217;agulla i hem repr\u00e8s el projecte . Els mestres han estat els encarregats de dibuixar els murals guanyadors\u00a0 \u00a0a escala a les parets . Els nens i nenes han pogut pintar el mural\u00a0 escollit\u00a0 a cada\u00a0 classe a les parets del nostre pati .<\/p>\n<p>La nostra escola s&#8217;ha omplert de colors vius i d&#8217;obres d&#8217;art de gran format ..<\/p>\n<p>El v\u00eddeo vol explicar tot el proc\u00e9s de treball que hi ha al darrera\u00a0 de la\u00a0 pintada d&#8217;aquests murals . T\u00e9 una durada de quasi 10 minuts on hem intentat plasmar la majoria de situacions i moments\u00a0 que vam viure .<\/p>\n<p>Gaudiu-lo!<\/p>\n<p><iframe loading=\"lazy\" src=\"https:\/\/www.youtube.com\/embed\/QuZHJjLNMdc\" width=\"560\" height=\"315\" frameborder=\"0\"><\/iframe><\/p>\n","protected":false},"excerpt":{"rendered":"<p>El curs passat , els nens i nenes del Cicle Inicial , van comen\u00e7ar un projecte\u00a0 de caire globalitzat a partir de l&#8217;obra de l &#8216;artista Sol Lewitt. Una de les vessants de treball d&#8217;aquest artista \u00e9s la pintura mural. La nostra escola\u00a0 disposa de&hellip;  <a href=\"https:\/\/agora.xtec.cat\/ceip-pins\/general\/projecte-sol-lewitt\/\" title=\"Read PROJECTE SOL LEWITT\">Llegeix m\u00e9s\u00bb<\/a><\/p>\n","protected":false},"author":5,"featured_media":7429,"comment_status":"closed","ping_status":"closed","sticky":false,"template":"","format":"standard","meta":{"_bbp_topic_count":0,"_bbp_reply_count":0,"_bbp_total_topic_count":0,"_bbp_total_reply_count":0,"_bbp_voice_count":0,"_bbp_anonymous_reply_count":0,"_bbp_topic_count_hidden":0,"_bbp_reply_count_hidden":0,"_bbp_forum_subforum_count":0,"footnotes":""},"categories":[4,10,11,12,59,337,1],"tags":[],"class_list":["post-7447","post","type-post","status-publish","format-standard","has-post-thumbnail","hentry","category-portada","category-1r","category-2n","category-3r","category-cicle-inicial","category-curs20-21","category-general"],"post_mailing_queue_ids":[],"_links":{"self":[{"href":"https:\/\/agora.xtec.cat\/ceip-pins\/wp-json\/wp\/v2\/posts\/7447","targetHints":{"allow":["GET"]}}],"collection":[{"href":"https:\/\/agora.xtec.cat\/ceip-pins\/wp-json\/wp\/v2\/posts"}],"about":[{"href":"https:\/\/agora.xtec.cat\/ceip-pins\/wp-json\/wp\/v2\/types\/post"}],"author":[{"embeddable":true,"href":"https:\/\/agora.xtec.cat\/ceip-pins\/wp-json\/wp\/v2\/users\/5"}],"replies":[{"embeddable":true,"href":"https:\/\/agora.xtec.cat\/ceip-pins\/wp-json\/wp\/v2\/comments?post=7447"}],"version-history":[{"count":4,"href":"https:\/\/agora.xtec.cat\/ceip-pins\/wp-json\/wp\/v2\/posts\/7447\/revisions"}],"predecessor-version":[{"id":7451,"href":"https:\/\/agora.xtec.cat\/ceip-pins\/wp-json\/wp\/v2\/posts\/7447\/revisions\/7451"}],"wp:featuredmedia":[{"embeddable":true,"href":"https:\/\/agora.xtec.cat\/ceip-pins\/wp-json\/wp\/v2\/media\/7429"}],"wp:attachment":[{"href":"https:\/\/agora.xtec.cat\/ceip-pins\/wp-json\/wp\/v2\/media?parent=7447"}],"wp:term":[{"taxonomy":"category","embeddable":true,"href":"https:\/\/agora.xtec.cat\/ceip-pins\/wp-json\/wp\/v2\/categories?post=7447"},{"taxonomy":"post_tag","embeddable":true,"href":"https:\/\/agora.xtec.cat\/ceip-pins\/wp-json\/wp\/v2\/tags?post=7447"}],"curies":[{"name":"wp","href":"https:\/\/api.w.org\/{rel}","templated":true}]}}