{"id":7297,"date":"2020-11-22T09:59:05","date_gmt":"2020-11-22T08:59:05","guid":{"rendered":"http:\/\/agora.xtec.cat\/ceip-pins\/?p=7297"},"modified":"2020-11-22T10:01:33","modified_gmt":"2020-11-22T09:01:33","slug":"gaudim-de-les-musiques-i-musics-del-cicle-mitja","status":"publish","type":"post","link":"https:\/\/agora.xtec.cat\/ceip-pins\/general\/gaudim-de-les-musiques-i-musics-del-cicle-mitja\/","title":{"rendered":"GAUDIM DE LES M\u00daSIQUES I M\u00daSICS DEL CICLE MITJ\u00c0"},"content":{"rendered":"<p>Durant aquestes \u00faltimes setmanes a m\u00fasica amb els nens i nens de cicle mitj\u00e0 hem presentat els diferents instruments que toquem.<br \/>\nVolem compartir els v\u00eddeos amb tots i totes vosaltres perqu\u00e8 els podeu escoltar i gaudir com nosaltres.<br \/>\nVISCA LA M\u00daSICA!!!<\/p>\n<p><iframe loading=\"lazy\" src=\"https:\/\/www.youtube.com\/embed\/ZSzJ36AOZM4\" width=\"560\" height=\"315\" frameborder=\"0\"><\/iframe><\/p>\n<p><iframe loading=\"lazy\" src=\"https:\/\/www.youtube.com\/embed\/ckQJxyyIac0\" width=\"560\" height=\"315\" frameborder=\"0\"><\/iframe><\/p>\n<p><iframe loading=\"lazy\" src=\"https:\/\/www.youtube.com\/embed\/Pp_UiLF4CVc\" width=\"560\" height=\"315\" frameborder=\"0\"><\/iframe><\/p>\n<p><iframe loading=\"lazy\" src=\"https:\/\/www.youtube.com\/embed\/39xZvHCM2Z8\" width=\"560\" height=\"315\" frameborder=\"0\"><\/iframe><\/p>\n<p><iframe loading=\"lazy\" src=\"https:\/\/www.youtube.com\/embed\/6-N3SnGv5_E\" width=\"560\" height=\"315\" frameborder=\"0\"><\/iframe><\/p>\n<p><iframe loading=\"lazy\" src=\"https:\/\/www.youtube.com\/embed\/qnWPZ2I38WA\" width=\"560\" height=\"315\" frameborder=\"0\"><\/iframe><\/p>\n<p><iframe loading=\"lazy\" src=\"https:\/\/www.youtube.com\/embed\/4l4pk0l8RLI\" width=\"560\" height=\"315\" frameborder=\"0\"><\/iframe><\/p>\n","protected":false},"excerpt":{"rendered":"<p>Durant aquestes \u00faltimes setmanes a m\u00fasica amb els nens i nens de cicle mitj\u00e0 hem presentat els diferents instruments que toquem.<br \/>\nVolem compartir els v\u00eddeos amb tots i totes vosaltres perqu\u00e8 els podeu escoltar i gaudir com nosaltres.<br \/>\nVISCA LA M\u00daSICA!!!<\/p>\n","protected":false},"author":3,"featured_media":7298,"comment_status":"closed","ping_status":"closed","sticky":false,"template":"","format":"standard","meta":{"_bbp_topic_count":0,"_bbp_reply_count":0,"_bbp_total_topic_count":0,"_bbp_total_reply_count":0,"_bbp_voice_count":0,"_bbp_anonymous_reply_count":0,"_bbp_topic_count_hidden":0,"_bbp_reply_count_hidden":0,"_bbp_forum_subforum_count":0,"footnotes":""},"categories":[4,337,1,85],"tags":[111],"class_list":["post-7297","post","type-post","status-publish","format-standard","has-post-thumbnail","hentry","category-portada","category-curs20-21","category-general","category-educacio-musical","tag-dia-de-la-musica"],"post_mailing_queue_ids":[],"_links":{"self":[{"href":"https:\/\/agora.xtec.cat\/ceip-pins\/wp-json\/wp\/v2\/posts\/7297","targetHints":{"allow":["GET"]}}],"collection":[{"href":"https:\/\/agora.xtec.cat\/ceip-pins\/wp-json\/wp\/v2\/posts"}],"about":[{"href":"https:\/\/agora.xtec.cat\/ceip-pins\/wp-json\/wp\/v2\/types\/post"}],"author":[{"embeddable":true,"href":"https:\/\/agora.xtec.cat\/ceip-pins\/wp-json\/wp\/v2\/users\/3"}],"replies":[{"embeddable":true,"href":"https:\/\/agora.xtec.cat\/ceip-pins\/wp-json\/wp\/v2\/comments?post=7297"}],"version-history":[{"count":1,"href":"https:\/\/agora.xtec.cat\/ceip-pins\/wp-json\/wp\/v2\/posts\/7297\/revisions"}],"predecessor-version":[{"id":7299,"href":"https:\/\/agora.xtec.cat\/ceip-pins\/wp-json\/wp\/v2\/posts\/7297\/revisions\/7299"}],"wp:featuredmedia":[{"embeddable":true,"href":"https:\/\/agora.xtec.cat\/ceip-pins\/wp-json\/wp\/v2\/media\/7298"}],"wp:attachment":[{"href":"https:\/\/agora.xtec.cat\/ceip-pins\/wp-json\/wp\/v2\/media?parent=7297"}],"wp:term":[{"taxonomy":"category","embeddable":true,"href":"https:\/\/agora.xtec.cat\/ceip-pins\/wp-json\/wp\/v2\/categories?post=7297"},{"taxonomy":"post_tag","embeddable":true,"href":"https:\/\/agora.xtec.cat\/ceip-pins\/wp-json\/wp\/v2\/tags?post=7297"}],"curies":[{"name":"wp","href":"https:\/\/api.w.org\/{rel}","templated":true}]}}