{"id":6376,"date":"2020-02-20T23:12:45","date_gmt":"2020-02-20T22:12:45","guid":{"rendered":"http:\/\/agora.xtec.cat\/ceip-pins\/?p=6376"},"modified":"2020-02-20T23:12:45","modified_gmt":"2020-02-20T22:12:45","slug":"xerrada-ser-dona-i-viure-com-a-refugiada","status":"publish","type":"post","link":"https:\/\/agora.xtec.cat\/ceip-pins\/afa\/xerrada-ser-dona-i-viure-com-a-refugiada\/","title":{"rendered":"Xerrada: Ser dona i viure com a refugiada"},"content":{"rendered":"<p style=\"font-weight: 400;\"><strong>Xerrada: Ser dona i viure com a refugiada (dimecres 4 de mar\u00e7)<\/strong><\/p>\n<table style=\"font-weight: 400;\" width=\"100%\">\n<tbody>\n<tr>\n<td>Benvolgudes fam\u00edlies,<\/p>\n<p>Des de Paidos, i a mode de continu\u00eftat amb el projecte de lleure educatiu, un any m\u00e9s estem organitzant algunes activitats per commemorar el\u00a0<strong>Dia Internacional de la Dona<\/strong>.<\/p>\n<p>L\u2019eix central de la nostra intervenci\u00f3 pedag\u00f2gica amb els infants enguany s\u2019emmarca dins el\u00a0projecte\u00a0<a href=\"https:\/\/paidos.us3.list-manage.com\/track\/click?u=4507a93eab647491c10c2819c&amp;id=a77ad182eb&amp;e=513c11c7ff\" data-saferedirecturl=\"https:\/\/www.google.com\/url?q=https:\/\/paidos.us3.list-manage.com\/track\/click?u%3D4507a93eab647491c10c2819c%26id%3Da77ad182eb%26e%3D513c11c7ff&amp;source=gmail&amp;ust=1582320893738000&amp;usg=AFQjCNH9ziTxFkMUt807nYmRV5i8X5iZzA\"><strong>nuSOS<\/strong><\/a>\u00a0(<a href=\"https:\/\/projectes.fundesplai.org\/nusos\/\" data-saferedirecturl=\"https:\/\/www.google.com\/url?q=https:\/\/projectes.fundesplai.org\/nusos\/&amp;source=gmail&amp;ust=1582320893738000&amp;usg=AFQjCNEaawzwKKlNPvgCWGup-06qig0CMA\">https:\/\/projectes.fundesplai.org\/nusos\/<\/a>)\u00a0, us convidem a donar-hi un cop d\u2019ull. \u00c9s una proposta educativa que posa la mirada en\u00a0la\u00a0<strong>ciutadania global<\/strong>, i per aix\u00f2 volem commemorar aquesta data de la m\u00e0 d\u2019una dona afganesa extraordin\u00e0ria.<\/p>\n<p>Aix\u00ed doncs, us proposem una xerrada\/confer\u00e8ncia a vosaltres, mares, pares, familiars i qualsevol adult que vulgui venir a con\u00e8ixer\u00a0la\u00a0<strong>Nadia Ghulam<\/strong>, que ens explicar\u00e0 la situaci\u00f3 de les dones al seu pa\u00eds i ens endinsar\u00e0 a la cultura afganesa.<\/p>\n<p>La Nadia\u00a0Ghulam\u00a0(Kabul, l&#8217;Afganistan, 1985) parla amb una humilitat que desarma. La seva hist\u00f2ria i viv\u00e8ncia es desdibuixa, perqu\u00e8 per davant posa la de la seva gent i el seu pa\u00eds. Resta tot m\u00e8rit a la seva inf\u00e0ncia de nena supervivent de les bombes, als seus dos anys d&#8217;ingr\u00e9s hospitalari amb 14 operacions, a les seves cicatrius, a la d\u00e8cada que despr\u00e9s va viure fent-se passar pel seu germ\u00e0\u00a0Zelmai\u00a0per a poder estudiar i treballar, portant a la seva casa l&#8217;\u00fanic aliment possible.<\/p>\n<p>La Nadia, arribada a Espanya amb 21 anys, parla un impecable catal\u00e0 i castell\u00e0, viu amb els seus pares espanyols a Badalona i fa de tot per a enviar diners a la seva fam\u00edlia: cuina del seu pa\u00eds a domicili, treballa en un bar, fa teatre&#8230; Despr\u00e9s de quatre anys d&#8217;abs\u00e8ncia de la seva llar, la mort de la seva benvolguda tia\u00a0Sha\u00a0Ghul\u00a0l&#8217;obliga a tornar a l&#8217;Afganistan, per primera vegada amb la seva identitat recobrada de dona. I el xoc \u00e9s brutal.<\/p>\n<p>Us animem a venir, no us deixar\u00e0 amb indifer\u00e8ncia. La participaci\u00f3 de tots i totes \u00e9s important per avan\u00e7ar cap a una societat m\u00e9s igualit\u00e0ria entre dones i homes.<\/p>\n<ul>\n<li><strong>DIA: DIMECRES 4 DE MAR\u00c7<\/strong><\/li>\n<li><strong>LLOC: CASA DE CULTURA DE SANT CUGAT DEL VALL\u00c8S (C\/Castellv\u00ed 8)<\/strong><\/li>\n<li><strong>HORA: de 20h a 21.30h<\/strong><\/li>\n<\/ul>\n<p>Per assistir-hi nom\u00e9s cal que formalitzeu la inscripci\u00f3 a trav\u00e9s del seg\u00fcent enlla\u00e7 abans del\u00a0<strong>dia 28 de febrer<\/strong>.<\/p>\n<p><a href=\"https:\/\/docs.google.com\/forms\/d\/e\/1FAIpQLScdaO0yXKGYYD5bPtNNY-pvFzoegqOBoHdNh7MaHW5R2C_3Rw\/viewform\">https:\/\/docs.google.com\/forms\/d\/e\/1FAIpQLScdaO0yXKGYYD5bPtNNY-pvFzoegqOBoHdNh7MaHW5R2C_3Rw\/viewform<\/a><\/p>\n<p><strong>Hi ha places limitades!!<\/strong><\/td>\n<\/tr>\n<\/tbody>\n<\/table>\n<p><img loading=\"lazy\" decoding=\"async\" class=\"alignnone size-full wp-image-6381\" src=\"https:\/\/agora.xtec.cat\/ceip-pins\/wp-content\/uploads\/usu1715\/2020\/02\/unnamed-1.jpg\" alt=\"\" width=\"477\" height=\"556\" srcset=\"https:\/\/agora.xtec.cat\/ceip-pins\/wp-content\/uploads\/usu1715\/2020\/02\/unnamed-1.jpg 477w, https:\/\/agora.xtec.cat\/ceip-pins\/wp-content\/uploads\/usu1715\/2020\/02\/unnamed-1-257x300.jpg 257w\" sizes=\"auto, (max-width: 477px) 100vw, 477px\" \/><\/p>\n","protected":false},"excerpt":{"rendered":"<p>Hi ha places limitades!!&hellip;  <a href=\"https:\/\/agora.xtec.cat\/ceip-pins\/afa\/xerrada-ser-dona-i-viure-com-a-refugiada\/\" title=\"Read Xerrada: Ser dona i viure com a refugiada\">Llegeix m\u00e9s\u00bb<\/a><\/p>\n","protected":false},"author":4,"featured_media":6382,"comment_status":"closed","ping_status":"closed","sticky":false,"template":"","format":"standard","meta":{"_bbp_topic_count":0,"_bbp_reply_count":0,"_bbp_total_topic_count":0,"_bbp_total_reply_count":0,"_bbp_voice_count":0,"_bbp_anonymous_reply_count":0,"_bbp_topic_count_hidden":0,"_bbp_reply_count_hidden":0,"_bbp_forum_subforum_count":0,"footnotes":""},"categories":[7],"tags":[318],"class_list":["post-6376","post","type-post","status-publish","format-standard","has-post-thumbnail","hentry","category-afa","tag-paidosipins"],"post_mailing_queue_ids":[],"_links":{"self":[{"href":"https:\/\/agora.xtec.cat\/ceip-pins\/wp-json\/wp\/v2\/posts\/6376","targetHints":{"allow":["GET"]}}],"collection":[{"href":"https:\/\/agora.xtec.cat\/ceip-pins\/wp-json\/wp\/v2\/posts"}],"about":[{"href":"https:\/\/agora.xtec.cat\/ceip-pins\/wp-json\/wp\/v2\/types\/post"}],"author":[{"embeddable":true,"href":"https:\/\/agora.xtec.cat\/ceip-pins\/wp-json\/wp\/v2\/users\/4"}],"replies":[{"embeddable":true,"href":"https:\/\/agora.xtec.cat\/ceip-pins\/wp-json\/wp\/v2\/comments?post=6376"}],"version-history":[{"count":1,"href":"https:\/\/agora.xtec.cat\/ceip-pins\/wp-json\/wp\/v2\/posts\/6376\/revisions"}],"predecessor-version":[{"id":6383,"href":"https:\/\/agora.xtec.cat\/ceip-pins\/wp-json\/wp\/v2\/posts\/6376\/revisions\/6383"}],"wp:featuredmedia":[{"embeddable":true,"href":"https:\/\/agora.xtec.cat\/ceip-pins\/wp-json\/wp\/v2\/media\/6382"}],"wp:attachment":[{"href":"https:\/\/agora.xtec.cat\/ceip-pins\/wp-json\/wp\/v2\/media?parent=6376"}],"wp:term":[{"taxonomy":"category","embeddable":true,"href":"https:\/\/agora.xtec.cat\/ceip-pins\/wp-json\/wp\/v2\/categories?post=6376"},{"taxonomy":"post_tag","embeddable":true,"href":"https:\/\/agora.xtec.cat\/ceip-pins\/wp-json\/wp\/v2\/tags?post=6376"}],"curies":[{"name":"wp","href":"https:\/\/api.w.org\/{rel}","templated":true}]}}