{"id":6370,"date":"2020-02-20T11:12:34","date_gmt":"2020-02-20T10:12:34","guid":{"rendered":"http:\/\/agora.xtec.cat\/ceip-pins\/?p=6370"},"modified":"2020-02-20T11:12:49","modified_gmt":"2020-02-20T10:12:49","slug":"123-rondalla-va-rondalla-ve","status":"publish","type":"post","link":"https:\/\/agora.xtec.cat\/ceip-pins\/portada\/123-rondalla-va-rondalla-ve\/","title":{"rendered":"1,2,3&#8230;Rondalla va&#8230;. Rondalla ve!"},"content":{"rendered":"<figure class=\"figure wp-caption aligncenter\"><a href=\"https:\/\/agora.xtec.cat\/ceip-pins\/wp-content\/uploads\/usu1715\/2020\/02\/IMG_20200220_110022_1.jpg\"><img loading=\"lazy\" decoding=\"async\" class=\"size-full wp-image-6371\" src=\"https:\/\/agora.xtec.cat\/ceip-pins\/wp-content\/uploads\/usu1715\/2020\/02\/IMG_20200220_110022_1.jpg\" alt=\"\" width=\"3968\" height=\"2976\" srcset=\"https:\/\/agora.xtec.cat\/ceip-pins\/wp-content\/uploads\/usu1715\/2020\/02\/IMG_20200220_110022_1.jpg 3968w, https:\/\/agora.xtec.cat\/ceip-pins\/wp-content\/uploads\/usu1715\/2020\/02\/IMG_20200220_110022_1-300x225.jpg 300w, https:\/\/agora.xtec.cat\/ceip-pins\/wp-content\/uploads\/usu1715\/2020\/02\/IMG_20200220_110022_1-768x576.jpg 768w, https:\/\/agora.xtec.cat\/ceip-pins\/wp-content\/uploads\/usu1715\/2020\/02\/IMG_20200220_110022_1-1024x768.jpg 1024w, https:\/\/agora.xtec.cat\/ceip-pins\/wp-content\/uploads\/usu1715\/2020\/02\/IMG_20200220_110022_1-200x150.jpg 200w\" sizes=\"auto, (max-width: 3968px) 100vw, 3968px\" \/><\/a><figcaption class=\"wp-caption-text\">Avui els\/les alumnes de 1r hem anat al teatre Romea per escoltar tres contes on la protagonista era la M\u00fasica. El Taller de M\u00fasics ens ha ajudat a entendre millor aspectes de la m\u00fasica com: so-silenci, agut-greu i les notes. Ho hem passat molt b\u00e9!<\/figcaption><\/figure>\n<p>&nbsp;<\/p>\n<p>&nbsp;<\/p>\n","protected":false},"excerpt":{"rendered":"<p><a href=\"https:\/\/agora.xtec.cat\/ceip-pins\/wp-content\/uploads\/usu1715\/2020\/02\/IMG_20200220_110022_1.jpg\"><\/a>Avui els\/les alumnes de 1r hem anat al teatre Romea per escoltar tres contes on la protagonista era la M\u00fasica. El Taller de M\u00fasics ens ha ajudat a entendre millor aspectes de la m\u00fasica com: so-silenci, agut-greu i les notes. Ho hem passat molt&hellip;  <a href=\"https:\/\/agora.xtec.cat\/ceip-pins\/portada\/123-rondalla-va-rondalla-ve\/\" title=\"Read 1,2,3&#8230;Rondalla va&#8230;. Rondalla ve!\">Llegeix m\u00e9s\u00bb<\/a><\/p>\n","protected":false},"author":5,"featured_media":0,"comment_status":"closed","ping_status":"closed","sticky":false,"template":"","format":"standard","meta":{"_bbp_topic_count":0,"_bbp_reply_count":0,"_bbp_total_topic_count":0,"_bbp_total_reply_count":0,"_bbp_voice_count":0,"_bbp_anonymous_reply_count":0,"_bbp_topic_count_hidden":0,"_bbp_reply_count_hidden":0,"_bbp_forum_subforum_count":0,"footnotes":""},"categories":[4,10,320,85],"tags":[],"class_list":["post-6370","post","type-post","status-publish","format-standard","hentry","category-portada","category-1r","category-curs-19-20","category-educacio-musical"],"post_mailing_queue_ids":[],"_links":{"self":[{"href":"https:\/\/agora.xtec.cat\/ceip-pins\/wp-json\/wp\/v2\/posts\/6370","targetHints":{"allow":["GET"]}}],"collection":[{"href":"https:\/\/agora.xtec.cat\/ceip-pins\/wp-json\/wp\/v2\/posts"}],"about":[{"href":"https:\/\/agora.xtec.cat\/ceip-pins\/wp-json\/wp\/v2\/types\/post"}],"author":[{"embeddable":true,"href":"https:\/\/agora.xtec.cat\/ceip-pins\/wp-json\/wp\/v2\/users\/5"}],"replies":[{"embeddable":true,"href":"https:\/\/agora.xtec.cat\/ceip-pins\/wp-json\/wp\/v2\/comments?post=6370"}],"version-history":[{"count":2,"href":"https:\/\/agora.xtec.cat\/ceip-pins\/wp-json\/wp\/v2\/posts\/6370\/revisions"}],"predecessor-version":[{"id":6373,"href":"https:\/\/agora.xtec.cat\/ceip-pins\/wp-json\/wp\/v2\/posts\/6370\/revisions\/6373"}],"wp:attachment":[{"href":"https:\/\/agora.xtec.cat\/ceip-pins\/wp-json\/wp\/v2\/media?parent=6370"}],"wp:term":[{"taxonomy":"category","embeddable":true,"href":"https:\/\/agora.xtec.cat\/ceip-pins\/wp-json\/wp\/v2\/categories?post=6370"},{"taxonomy":"post_tag","embeddable":true,"href":"https:\/\/agora.xtec.cat\/ceip-pins\/wp-json\/wp\/v2\/tags?post=6370"}],"curies":[{"name":"wp","href":"https:\/\/api.w.org\/{rel}","templated":true}]}}