{"id":6145,"date":"2020-01-24T09:48:08","date_gmt":"2020-01-24T08:48:08","guid":{"rendered":"http:\/\/agora.xtec.cat\/ceip-pins\/?p=6145"},"modified":"2020-01-24T13:25:08","modified_gmt":"2020-01-24T12:25:08","slug":"bon-dia-a-la-vila-dels-pins-guins","status":"publish","type":"post","link":"https:\/\/agora.xtec.cat\/ceip-pins\/afa\/bon-dia-a-la-vila-dels-pins-guins\/","title":{"rendered":"Bon dia a la Vila dels PINS G\u00dcINS!!\u00a0"},"content":{"rendered":"<p>Arriba el Carnaval del poble!!!<\/p>\n<p>El 22 de febrer a les 18.30h el PINS vol viatjar al POL NORD i que ens convertim tots en <strong>PINSg\u00fcins<\/strong>.<\/p>\n<p>Aquest any ens organitzarem una mica diferent, ja que l\u2019any passat molts de vosaltres ens vau fer arribar que no pod\u00edeu venir als tallers de confecci\u00f3. \u00c9s per aquesta ra\u00f3 que la Comissi\u00f3 de Carnaval confeccionar\u00e0 totes les disfresses (patrons) i us indicar\u00e0 com les heu d\u2019acabar tranquil\u00b7lament a casa.<\/p>\n<p>Farem un taller informatiu de tot el <strong>proper divendres 31 de gener a la biblioteca<\/strong>. Volem que vingueu tots i totes, per\u00f2 us n&#8217;avancem cosetes:<\/p>\n<p>1) Cada disfressa tindr\u00e0 un cost de 5\u20ac (\u00e9s cost real, no hi ha benefici: roba foam, roba feltre i goma eva).<\/p>\n<p>2) Us adjuntem un link on us podeu apuntar per fam\u00edlies, molt important especificar-ne n\u00famero d&#8217;adults i nens\/es i les seves edats. <a href=\"https:\/\/forms.gle\/3fY7oiRxwtWNRVzr8\">https:\/\/forms.gle\/3fY7oiRxwtWNRVzr8<\/a><\/p>\n<p>3) Els 5\u20ac els podeu pagar el mateix dia 31 o durant tota la setmana al despatx de l\u2019AFA (Laura i Marta) \u2013 us donarem un rebut que haureu de portar per recollir la vostra disfressa.<\/p>\n<p>4) Se&#8217;n far\u00e0 la confecci\u00f3 els divendres 7 i 14 de febrer \u2013 aquest \u00faltim ser\u00e0 el dia de recollida de les disfresses per part de les fam\u00edlies (no volem coincidir amb el Carnaval de l&#8217;escola el 21).<\/p>\n<p>5) El mateix dia 14 us explicarem com desfilarem a la comparsa i quina \u201ccoreo\u201d portarem a ritme de batucada!!! Molt important anar tots al ritme!!<\/p>\n<p>&nbsp;<\/p>\n<p><img loading=\"lazy\" decoding=\"async\" class=\"alignnone size-large wp-image-6146\" src=\"https:\/\/agora.xtec.cat\/ceip-pins\/wp-content\/uploads\/usu1715\/2020\/01\/maxresdefault-1024x576.jpg\" alt=\"\" width=\"1024\" height=\"576\" srcset=\"https:\/\/agora.xtec.cat\/ceip-pins\/wp-content\/uploads\/usu1715\/2020\/01\/maxresdefault-1024x576.jpg 1024w, https:\/\/agora.xtec.cat\/ceip-pins\/wp-content\/uploads\/usu1715\/2020\/01\/maxresdefault-300x169.jpg 300w, https:\/\/agora.xtec.cat\/ceip-pins\/wp-content\/uploads\/usu1715\/2020\/01\/maxresdefault-768x432.jpg 768w, https:\/\/agora.xtec.cat\/ceip-pins\/wp-content\/uploads\/usu1715\/2020\/01\/maxresdefault.jpg 1280w\" sizes=\"auto, (max-width: 1024px) 100vw, 1024px\" \/><\/p>\n","protected":false},"excerpt":{"rendered":"<p>Arriba el carnestoltes del poble!!!&hellip;  <a href=\"https:\/\/agora.xtec.cat\/ceip-pins\/afa\/bon-dia-a-la-vila-dels-pins-guins\/\" title=\"Read Bon dia a la Vila dels PINS G\u00dcINS!!\u00a0\">Llegeix m\u00e9s\u00bb<\/a><\/p>\n","protected":false},"author":4,"featured_media":6146,"comment_status":"closed","ping_status":"closed","sticky":false,"template":"","format":"standard","meta":{"_bbp_topic_count":0,"_bbp_reply_count":0,"_bbp_total_topic_count":0,"_bbp_total_reply_count":0,"_bbp_voice_count":0,"_bbp_anonymous_reply_count":0,"_bbp_topic_count_hidden":0,"_bbp_reply_count_hidden":0,"_bbp_forum_subforum_count":0,"footnotes":""},"categories":[7],"tags":[144],"class_list":["post-6145","post","type-post","status-publish","format-standard","has-post-thumbnail","hentry","category-afa","tag-carnestoltes"],"post_mailing_queue_ids":[],"_links":{"self":[{"href":"https:\/\/agora.xtec.cat\/ceip-pins\/wp-json\/wp\/v2\/posts\/6145","targetHints":{"allow":["GET"]}}],"collection":[{"href":"https:\/\/agora.xtec.cat\/ceip-pins\/wp-json\/wp\/v2\/posts"}],"about":[{"href":"https:\/\/agora.xtec.cat\/ceip-pins\/wp-json\/wp\/v2\/types\/post"}],"author":[{"embeddable":true,"href":"https:\/\/agora.xtec.cat\/ceip-pins\/wp-json\/wp\/v2\/users\/4"}],"replies":[{"embeddable":true,"href":"https:\/\/agora.xtec.cat\/ceip-pins\/wp-json\/wp\/v2\/comments?post=6145"}],"version-history":[{"count":3,"href":"https:\/\/agora.xtec.cat\/ceip-pins\/wp-json\/wp\/v2\/posts\/6145\/revisions"}],"predecessor-version":[{"id":6151,"href":"https:\/\/agora.xtec.cat\/ceip-pins\/wp-json\/wp\/v2\/posts\/6145\/revisions\/6151"}],"wp:featuredmedia":[{"embeddable":true,"href":"https:\/\/agora.xtec.cat\/ceip-pins\/wp-json\/wp\/v2\/media\/6146"}],"wp:attachment":[{"href":"https:\/\/agora.xtec.cat\/ceip-pins\/wp-json\/wp\/v2\/media?parent=6145"}],"wp:term":[{"taxonomy":"category","embeddable":true,"href":"https:\/\/agora.xtec.cat\/ceip-pins\/wp-json\/wp\/v2\/categories?post=6145"},{"taxonomy":"post_tag","embeddable":true,"href":"https:\/\/agora.xtec.cat\/ceip-pins\/wp-json\/wp\/v2\/tags?post=6145"}],"curies":[{"name":"wp","href":"https:\/\/api.w.org\/{rel}","templated":true}]}}