{"id":5743,"date":"2019-11-21T23:30:05","date_gmt":"2019-11-21T22:30:05","guid":{"rendered":"http:\/\/agora.xtec.cat\/ceip-pins\/?p=5743"},"modified":"2019-11-21T23:30:05","modified_gmt":"2019-11-21T22:30:05","slug":"nusos","status":"publish","type":"post","link":"https:\/\/agora.xtec.cat\/ceip-pins\/afa\/nusos\/","title":{"rendered":"NuSOS!"},"content":{"rendered":"<p style=\"font-weight: 400;\"><strong>NuSOS!<img loading=\"lazy\" decoding=\"async\" class=\"size-full wp-image-5748 alignright\" src=\"https:\/\/agora.xtec.cat\/ceip-pins\/wp-content\/uploads\/usu1715\/2019\/11\/nusis.jpg\" alt=\"\" width=\"1011\" height=\"1010\" srcset=\"https:\/\/agora.xtec.cat\/ceip-pins\/wp-content\/uploads\/usu1715\/2019\/11\/nusis.jpg 1011w, https:\/\/agora.xtec.cat\/ceip-pins\/wp-content\/uploads\/usu1715\/2019\/11\/nusis-150x150.jpg 150w, https:\/\/agora.xtec.cat\/ceip-pins\/wp-content\/uploads\/usu1715\/2019\/11\/nusis-300x300.jpg 300w, https:\/\/agora.xtec.cat\/ceip-pins\/wp-content\/uploads\/usu1715\/2019\/11\/nusis-768x767.jpg 768w\" sizes=\"auto, (max-width: 1011px) 100vw, 1011px\" \/><\/strong><\/p>\n<p style=\"font-weight: 400;\">Despr\u00e9s d&#8217;\u00a0<a href=\"http:\/\/projectes.fundesplai.org\/encoratjat\/\" data-saferedirecturl=\"https:\/\/www.google.com\/url?q=http:\/\/projectes.fundesplai.org\/encoratjat\/&amp;source=gmail&amp;ust=1574460375120000&amp;usg=AFQjCNEp7taXCHF-a1C5jgtueuoeVXIeAA\">EnCORatja&#8217;t<\/a>, arriba\u00a0<strong>NuSOS<\/strong>, una nova proposta educativa\u00a0<strong>centrada en la ciutadania global, les migracions i el refugi\u00a0perqu\u00e8 els infants reconeguin els Drets Humans i la diversitat com a valors indispensables per a la conviv\u00e8ncia i la sostenibilitat al nostre m\u00f3n<\/strong>.<\/p>\n<p style=\"font-weight: 400;\">NuSOS parteix de la base que el m\u00f3n actual planteja reptes molt importants com el canvi clim\u00e0tic, les migracions for\u00e7ades, les desigualtats o la pobresa, entre d&#8217;altres, i que l&#8217;educaci\u00f3 ha d&#8217;oferir als infants les eines per reflexionar de manera cr\u00edtica i poder col\u00b7laborar en la seva soluci\u00f3 a escala individual.<\/p>\n<p style=\"font-weight: 400;\">Pel que fa al nom,\u00a0<strong>NuSOS t\u00e9 la intenci\u00f3 de la seva doble significaci\u00f3: d&#8217;una banda, la necessitat de desfer urgentment els &#8220;nusos&#8221; que impedeixen solucionar situacions cr\u00edtiques i, de l&#8217;altra, la mateixa necessitat de teixir &#8220;nusos&#8221; de complicitats per obtenir aquestes mateixes solucions<\/strong>. I aix\u00ed est\u00e0 estructurada la proposta, amb una part destinada a analitzar les situacions cr\u00edtiques que s&#8217;estan vivint actualment com les migracions, el canvi clim\u00e0tic, etc. i una altra que proposa com des d&#8217;una educaci\u00f3 transformadora es poden aportar solucions.<\/p>\n<p style=\"font-weight: 400;\"><strong>Aquesta nova proposta la vam inaugurar a l\u2019esplai del passat dimecres 20 de novembre, Dia Universal dels Drets dels Infants, tot fent balls de nusos.<\/strong><\/p>\n<p style=\"font-weight: 400;\">Aix\u00ed que ja ho sabeu, seguim desfent conflictes per teixir complicitats!<\/p>\n<p style=\"font-weight: 400;\">Maria Be\u00e0<\/p>\n<p style=\"font-weight: 400;\">Coordinadora d\u2019extraescolars<\/p>\n","protected":false},"excerpt":{"rendered":"<p>Seguim desfent conflictes per teixir complicitats!&hellip;  <a href=\"https:\/\/agora.xtec.cat\/ceip-pins\/afa\/nusos\/\" title=\"Read NuSOS!\">Llegeix m\u00e9s\u00bb<\/a><\/p>\n","protected":false},"author":4,"featured_media":5746,"comment_status":"closed","ping_status":"closed","sticky":false,"template":"","format":"standard","meta":{"_bbp_topic_count":0,"_bbp_reply_count":0,"_bbp_total_topic_count":0,"_bbp_total_reply_count":0,"_bbp_voice_count":0,"_bbp_anonymous_reply_count":0,"_bbp_topic_count_hidden":0,"_bbp_reply_count_hidden":0,"_bbp_forum_subforum_count":0,"footnotes":""},"categories":[7],"tags":[318],"class_list":["post-5743","post","type-post","status-publish","format-standard","has-post-thumbnail","hentry","category-afa","tag-paidosipins"],"post_mailing_queue_ids":[],"_links":{"self":[{"href":"https:\/\/agora.xtec.cat\/ceip-pins\/wp-json\/wp\/v2\/posts\/5743","targetHints":{"allow":["GET"]}}],"collection":[{"href":"https:\/\/agora.xtec.cat\/ceip-pins\/wp-json\/wp\/v2\/posts"}],"about":[{"href":"https:\/\/agora.xtec.cat\/ceip-pins\/wp-json\/wp\/v2\/types\/post"}],"author":[{"embeddable":true,"href":"https:\/\/agora.xtec.cat\/ceip-pins\/wp-json\/wp\/v2\/users\/4"}],"replies":[{"embeddable":true,"href":"https:\/\/agora.xtec.cat\/ceip-pins\/wp-json\/wp\/v2\/comments?post=5743"}],"version-history":[{"count":1,"href":"https:\/\/agora.xtec.cat\/ceip-pins\/wp-json\/wp\/v2\/posts\/5743\/revisions"}],"predecessor-version":[{"id":5749,"href":"https:\/\/agora.xtec.cat\/ceip-pins\/wp-json\/wp\/v2\/posts\/5743\/revisions\/5749"}],"wp:featuredmedia":[{"embeddable":true,"href":"https:\/\/agora.xtec.cat\/ceip-pins\/wp-json\/wp\/v2\/media\/5746"}],"wp:attachment":[{"href":"https:\/\/agora.xtec.cat\/ceip-pins\/wp-json\/wp\/v2\/media?parent=5743"}],"wp:term":[{"taxonomy":"category","embeddable":true,"href":"https:\/\/agora.xtec.cat\/ceip-pins\/wp-json\/wp\/v2\/categories?post=5743"},{"taxonomy":"post_tag","embeddable":true,"href":"https:\/\/agora.xtec.cat\/ceip-pins\/wp-json\/wp\/v2\/tags?post=5743"}],"curies":[{"name":"wp","href":"https:\/\/api.w.org\/{rel}","templated":true}]}}