{"id":5690,"date":"2019-11-15T11:14:42","date_gmt":"2019-11-15T10:14:42","guid":{"rendered":"http:\/\/agora.xtec.cat\/ceip-pins\/?p=5690"},"modified":"2019-11-15T13:11:12","modified_gmt":"2019-11-15T12:11:12","slug":"enguany-torna-el-quinto-de-nadal-al-pins","status":"publish","type":"post","link":"https:\/\/agora.xtec.cat\/ceip-pins\/afa\/enguany-torna-el-quinto-de-nadal-al-pins\/","title":{"rendered":"Enguany torna el Quinto de Nadal al Pins!"},"content":{"rendered":"<p><img loading=\"lazy\" decoding=\"async\" class=\"size-large wp-image-5692 alignleft\" src=\"https:\/\/agora.xtec.cat\/ceip-pins\/wp-content\/uploads\/usu1715\/2019\/11\/quinto-de-nadal-724x1024.jpg\" alt=\"\" width=\"724\" height=\"1024\" srcset=\"https:\/\/agora.xtec.cat\/ceip-pins\/wp-content\/uploads\/usu1715\/2019\/11\/quinto-de-nadal-724x1024.jpg 724w, https:\/\/agora.xtec.cat\/ceip-pins\/wp-content\/uploads\/usu1715\/2019\/11\/quinto-de-nadal-212x300.jpg 212w, https:\/\/agora.xtec.cat\/ceip-pins\/wp-content\/uploads\/usu1715\/2019\/11\/quinto-de-nadal-768x1086.jpg 768w, https:\/\/agora.xtec.cat\/ceip-pins\/wp-content\/uploads\/usu1715\/2019\/11\/quinto-de-nadal.jpg 842w\" sizes=\"auto, (max-width: 724px) 100vw, 724px\" \/>Despr\u00e9s de l\u2019\u00e8xit del curs passat, les fam\u00edlies de sis\u00e8 organitzem de nou l\u2019entranyable Quinto de Nadal. Ser\u00e0 el\u00a0 dissabte 14 de desembre des de les cinc de la tarda fins les deu del vespre. S\u2019hi jugar\u00e0 dins el gimn\u00e0s de l\u2019escola i comptarem amb servei de bar amb menjar i beguda durant tota aquesta estona.<\/p>\n<p>Per\u00f2,\u00a0 perqu\u00e8 tot surti rod\u00f3, necessitem la vostra ajuda. Fem una crida a tots aquells pares i mares que puguin participar en la donaci\u00f3 d\u2019obsequis. Ens podeu escriure al correu: <a href=\"mailto:afa@pinsdelvalles.cat\">afa@pinsdelvalles.cat<\/a> . Moltes gr\u00e0cies per endavant.<\/p>\n<p>Us hi esperem, fam\u00edlies!<\/p>\n","protected":false},"excerpt":{"rendered":"<p>Us hi esperem, fam\u00edlies!&hellip;  <a href=\"https:\/\/agora.xtec.cat\/ceip-pins\/afa\/enguany-torna-el-quinto-de-nadal-al-pins\/\" title=\"Read Enguany torna el Quinto de Nadal al Pins!\">Llegeix m\u00e9s\u00bb<\/a><\/p>\n","protected":false},"author":4,"featured_media":5691,"comment_status":"closed","ping_status":"closed","sticky":false,"template":"","format":"standard","meta":{"_bbp_topic_count":0,"_bbp_reply_count":0,"_bbp_total_topic_count":0,"_bbp_total_reply_count":0,"_bbp_voice_count":0,"_bbp_anonymous_reply_count":0,"_bbp_topic_count_hidden":0,"_bbp_reply_count_hidden":0,"_bbp_forum_subforum_count":0,"footnotes":""},"categories":[7],"tags":[291],"class_list":["post-5690","post","type-post","status-publish","format-standard","has-post-thumbnail","hentry","category-afa","tag-quinto"],"post_mailing_queue_ids":[],"_links":{"self":[{"href":"https:\/\/agora.xtec.cat\/ceip-pins\/wp-json\/wp\/v2\/posts\/5690","targetHints":{"allow":["GET"]}}],"collection":[{"href":"https:\/\/agora.xtec.cat\/ceip-pins\/wp-json\/wp\/v2\/posts"}],"about":[{"href":"https:\/\/agora.xtec.cat\/ceip-pins\/wp-json\/wp\/v2\/types\/post"}],"author":[{"embeddable":true,"href":"https:\/\/agora.xtec.cat\/ceip-pins\/wp-json\/wp\/v2\/users\/4"}],"replies":[{"embeddable":true,"href":"https:\/\/agora.xtec.cat\/ceip-pins\/wp-json\/wp\/v2\/comments?post=5690"}],"version-history":[{"count":2,"href":"https:\/\/agora.xtec.cat\/ceip-pins\/wp-json\/wp\/v2\/posts\/5690\/revisions"}],"predecessor-version":[{"id":5708,"href":"https:\/\/agora.xtec.cat\/ceip-pins\/wp-json\/wp\/v2\/posts\/5690\/revisions\/5708"}],"wp:featuredmedia":[{"embeddable":true,"href":"https:\/\/agora.xtec.cat\/ceip-pins\/wp-json\/wp\/v2\/media\/5691"}],"wp:attachment":[{"href":"https:\/\/agora.xtec.cat\/ceip-pins\/wp-json\/wp\/v2\/media?parent=5690"}],"wp:term":[{"taxonomy":"category","embeddable":true,"href":"https:\/\/agora.xtec.cat\/ceip-pins\/wp-json\/wp\/v2\/categories?post=5690"},{"taxonomy":"post_tag","embeddable":true,"href":"https:\/\/agora.xtec.cat\/ceip-pins\/wp-json\/wp\/v2\/tags?post=5690"}],"curies":[{"name":"wp","href":"https:\/\/api.w.org\/{rel}","templated":true}]}}