{"id":5540,"date":"2019-10-25T17:21:59","date_gmt":"2019-10-25T15:21:59","guid":{"rendered":"http:\/\/agora.xtec.cat\/ceip-pins\/?p=5540"},"modified":"2019-10-25T17:21:59","modified_gmt":"2019-10-25T15:21:59","slug":"mans-a-lopera","status":"publish","type":"post","link":"https:\/\/agora.xtec.cat\/ceip-pins\/general\/mans-a-lopera\/","title":{"rendered":"Mans a l&#8217;\u00f2pera!"},"content":{"rendered":"<p>Els\/les alumnes de 6\u00e8 ens hem adonat de tot el que implica muntar una \u00f2pera: escenari, direcci\u00f3 art\u00edstica, m\u00fasics, cantants, atrezzo, vestuari&#8230;. Aquest treball que hem estat fent a m\u00fasica, l&#8217;hem pogut visualitzar al Gran Teatre del Liceu, amb l&#8217;espectacle Mans a l&#8217;\u00f2pera.<\/p>\n<p>La nostra idea de &#8220;\u00f2pera&#8221; ha canviat una mica&#8230; qui sap, potser les<\/p>\n<figure class=\"figure wp-caption alignright\"><a href=\"https:\/\/agora.xtec.cat\/ceip-pins\/wp-content\/uploads\/usu1715\/2019\/10\/IMG_20191024_121434.jpg\"><img loading=\"lazy\" decoding=\"async\" class=\"size-medium wp-image-5541\" src=\"https:\/\/agora.xtec.cat\/ceip-pins\/wp-content\/uploads\/usu1715\/2019\/10\/IMG_20191024_121434-300x225.jpg\" alt=\"\" width=\"300\" height=\"225\" srcset=\"https:\/\/agora.xtec.cat\/ceip-pins\/wp-content\/uploads\/usu1715\/2019\/10\/IMG_20191024_121434-300x225.jpg 300w, https:\/\/agora.xtec.cat\/ceip-pins\/wp-content\/uploads\/usu1715\/2019\/10\/IMG_20191024_121434-768x576.jpg 768w, https:\/\/agora.xtec.cat\/ceip-pins\/wp-content\/uploads\/usu1715\/2019\/10\/IMG_20191024_121434-1024x768.jpg 1024w, https:\/\/agora.xtec.cat\/ceip-pins\/wp-content\/uploads\/usu1715\/2019\/10\/IMG_20191024_121434-200x150.jpg 200w\" sizes=\"auto, (max-width: 300px) 100vw, 300px\" \/><\/a><figcaption class=\"wp-caption-text\">dav<\/figcaption><\/figure>\n<p>nostres prefer\u00e8ncies musicals es comencen a eixamplar&#8230;<\/p>\n","protected":false},"excerpt":{"rendered":"<p>Els\/les alumnes de 6\u00e8 ens hem adonat de tot el que implica muntar una \u00f2pera: escenari, direcci\u00f3 art\u00edstica, m\u00fasics, cantants, atrezzo, vestuari&#8230;. Aquest treball que hem estat fent a m\u00fasica, l&#8217;hem pogut visualitzar al Gran Teatre del Liceu, amb l&#8217;espectacle Mans a l&#8217;\u00f2pera.<br \/>\nLa nostra idea&hellip;  <a href=\"https:\/\/agora.xtec.cat\/ceip-pins\/general\/mans-a-lopera\/\" title=\"Read Mans a l&#8217;\u00f2pera!\">Llegeix m\u00e9s\u00bb<\/a><\/p>\n","protected":false},"author":5,"featured_media":0,"comment_status":"closed","ping_status":"closed","sticky":false,"template":"","format":"standard","meta":{"_bbp_topic_count":0,"_bbp_reply_count":0,"_bbp_total_topic_count":0,"_bbp_total_reply_count":0,"_bbp_voice_count":0,"_bbp_anonymous_reply_count":0,"_bbp_topic_count_hidden":0,"_bbp_reply_count_hidden":0,"_bbp_forum_subforum_count":0,"footnotes":""},"categories":[4,15,320,1,85],"tags":[],"class_list":["post-5540","post","type-post","status-publish","format-standard","hentry","category-portada","category-6e","category-curs-19-20","category-general","category-educacio-musical"],"post_mailing_queue_ids":[],"_links":{"self":[{"href":"https:\/\/agora.xtec.cat\/ceip-pins\/wp-json\/wp\/v2\/posts\/5540","targetHints":{"allow":["GET"]}}],"collection":[{"href":"https:\/\/agora.xtec.cat\/ceip-pins\/wp-json\/wp\/v2\/posts"}],"about":[{"href":"https:\/\/agora.xtec.cat\/ceip-pins\/wp-json\/wp\/v2\/types\/post"}],"author":[{"embeddable":true,"href":"https:\/\/agora.xtec.cat\/ceip-pins\/wp-json\/wp\/v2\/users\/5"}],"replies":[{"embeddable":true,"href":"https:\/\/agora.xtec.cat\/ceip-pins\/wp-json\/wp\/v2\/comments?post=5540"}],"version-history":[{"count":1,"href":"https:\/\/agora.xtec.cat\/ceip-pins\/wp-json\/wp\/v2\/posts\/5540\/revisions"}],"predecessor-version":[{"id":5542,"href":"https:\/\/agora.xtec.cat\/ceip-pins\/wp-json\/wp\/v2\/posts\/5540\/revisions\/5542"}],"wp:attachment":[{"href":"https:\/\/agora.xtec.cat\/ceip-pins\/wp-json\/wp\/v2\/media?parent=5540"}],"wp:term":[{"taxonomy":"category","embeddable":true,"href":"https:\/\/agora.xtec.cat\/ceip-pins\/wp-json\/wp\/v2\/categories?post=5540"},{"taxonomy":"post_tag","embeddable":true,"href":"https:\/\/agora.xtec.cat\/ceip-pins\/wp-json\/wp\/v2\/tags?post=5540"}],"curies":[{"name":"wp","href":"https:\/\/api.w.org\/{rel}","templated":true}]}}