{"id":5503,"date":"2019-10-24T23:20:37","date_gmt":"2019-10-24T21:20:37","guid":{"rendered":"http:\/\/agora.xtec.cat\/ceip-pins\/?p=5503"},"modified":"2019-10-25T13:32:35","modified_gmt":"2019-10-25T11:32:35","slug":"formacio-permanent-de-lequip-educatiu-de-menjador","status":"publish","type":"post","link":"https:\/\/agora.xtec.cat\/ceip-pins\/afa\/formacio-permanent-de-lequip-educatiu-de-menjador\/","title":{"rendered":"Formaci\u00f3 permanent de l\u2019equip educatiu de menjador"},"content":{"rendered":"<p>El nombre d\u2019infants amb necessitats aliment\u00e0ries especials \u00e9s creixent, aix\u00ed com tamb\u00e9 ho \u00e9s la diversitat d\u2019opcions aliment\u00e0ries a qu\u00e8 el nostre menjador escolar dona resposta. Aquesta complexitat genera, a vegades, dificultats de gesti\u00f3 a la cuina i al menjador escolar.<\/p>\n<p>\u00c9s per aquest motiu que la formaci\u00f3 permanent de l\u2019equip educatiu de menjador, aix\u00ed com el del personal de cuina, \u00e9s fonamental per garantir que es pugui donar la resposta m\u00e9s adequada a cada infant amb necessitats aliment\u00e0ries especials.<\/p>\n<p>Les dues formacions que hem rebut a principis de curs han estat les seg\u00fcents:<\/p>\n<ul>\n<li><strong>Atenci\u00f3 a la diversitat en el menjador escolar (ASPCAT), impartit per reconeguts dietistes, nutricionistes i gastroenter\u00f2legs,\u00a0\u00a0el 4 de setembre<\/strong>:\u00a0<em>coneixement dels aspectes m\u00e8dics i nutricionals m\u00e9s freq\u00fcents (al\u00b7l\u00e8rgies i intoler\u00e0ncies), rep\u00e0s de la legislaci\u00f3 vigent relacionada,\u00a0\u00a0recomanacions de les entitats de refer\u00e8ncia del nostre entorn i experi\u00e8ncies de centres que afronten aquestes demandes.<\/em><\/li>\n<\/ul>\n<p><strong>Coordinaci\u00f3 (Laura) i una cuinera (Souat) van rebre la formaci\u00f3 i ens la van fer arribar a la resta de l\u2019equip.<\/strong><\/p>\n<p>&nbsp;<\/p>\n<ul>\n<li><strong>Al\u00b7l\u00e8rgies, intoler\u00e0ncies i primers auxilis, impartit per Vanessa Segarra (Pediatra infantil), els dies 4 i 7 d\u2019octubre:<\/strong><em>coneixement dels principals s\u00edmptomes de les al\u00b7l\u00e8rgies i intoler\u00e0ncies i les respostes m\u00e9s adequades en cada cas. Coneixement dels principis b\u00e0sics i\u00a0\u00a0t\u00e8cniques de primers auxilis senzilles i r\u00e0pides, aix\u00ed com el protocol d\u2019actuaci\u00f3 en cas de caigudes o accidents.<\/em><\/li>\n<\/ul>\n<p><strong>Des de l\u2019equip d\u2019educadors i educadores volem agrair, un any m\u00e9s, a la Vanessa el seu assessorament i formaci\u00f3.<\/strong><\/p>\n<p><img loading=\"lazy\" decoding=\"async\" class=\"alignnone size-large wp-image-5517\" src=\"https:\/\/agora.xtec.cat\/ceip-pins\/wp-content\/uploads\/usu1715\/2019\/10\/formaci\u00f31-1024x498.jpg\" alt=\"\" width=\"1024\" height=\"498\" srcset=\"https:\/\/agora.xtec.cat\/ceip-pins\/wp-content\/uploads\/usu1715\/2019\/10\/formaci\u00f31-1024x498.jpg 1024w, https:\/\/agora.xtec.cat\/ceip-pins\/wp-content\/uploads\/usu1715\/2019\/10\/formaci\u00f31-300x146.jpg 300w, https:\/\/agora.xtec.cat\/ceip-pins\/wp-content\/uploads\/usu1715\/2019\/10\/formaci\u00f31-768x373.jpg 768w\" sizes=\"auto, (max-width: 1024px) 100vw, 1024px\" \/><\/p>\n<p><img loading=\"lazy\" decoding=\"async\" class=\"alignnone size-large wp-image-5518\" src=\"https:\/\/agora.xtec.cat\/ceip-pins\/wp-content\/uploads\/usu1715\/2019\/10\/formaci\u00f32-1024x498.jpg\" alt=\"\" width=\"1024\" height=\"498\" srcset=\"https:\/\/agora.xtec.cat\/ceip-pins\/wp-content\/uploads\/usu1715\/2019\/10\/formaci\u00f32-1024x498.jpg 1024w, https:\/\/agora.xtec.cat\/ceip-pins\/wp-content\/uploads\/usu1715\/2019\/10\/formaci\u00f32-300x146.jpg 300w, https:\/\/agora.xtec.cat\/ceip-pins\/wp-content\/uploads\/usu1715\/2019\/10\/formaci\u00f32-768x373.jpg 768w\" sizes=\"auto, (max-width: 1024px) 100vw, 1024px\" \/><\/p>\n<p>&nbsp;<\/p>\n","protected":false},"excerpt":{"rendered":"<p>No parem! &hellip;  <a href=\"https:\/\/agora.xtec.cat\/ceip-pins\/afa\/formacio-permanent-de-lequip-educatiu-de-menjador\/\" title=\"Read Formaci\u00f3 permanent de l\u2019equip educatiu de menjador\">Llegeix m\u00e9s\u00bb<\/a><\/p>\n","protected":false},"author":4,"featured_media":5520,"comment_status":"closed","ping_status":"closed","sticky":false,"template":"","format":"standard","meta":{"_bbp_topic_count":0,"_bbp_reply_count":0,"_bbp_total_topic_count":0,"_bbp_total_reply_count":0,"_bbp_voice_count":0,"_bbp_anonymous_reply_count":0,"_bbp_topic_count_hidden":0,"_bbp_reply_count_hidden":0,"_bbp_forum_subforum_count":0,"footnotes":""},"categories":[7],"tags":[179],"class_list":["post-5503","post","type-post","status-publish","format-standard","has-post-thumbnail","hentry","category-afa","tag-migdia"],"post_mailing_queue_ids":[],"_links":{"self":[{"href":"https:\/\/agora.xtec.cat\/ceip-pins\/wp-json\/wp\/v2\/posts\/5503","targetHints":{"allow":["GET"]}}],"collection":[{"href":"https:\/\/agora.xtec.cat\/ceip-pins\/wp-json\/wp\/v2\/posts"}],"about":[{"href":"https:\/\/agora.xtec.cat\/ceip-pins\/wp-json\/wp\/v2\/types\/post"}],"author":[{"embeddable":true,"href":"https:\/\/agora.xtec.cat\/ceip-pins\/wp-json\/wp\/v2\/users\/4"}],"replies":[{"embeddable":true,"href":"https:\/\/agora.xtec.cat\/ceip-pins\/wp-json\/wp\/v2\/comments?post=5503"}],"version-history":[{"count":3,"href":"https:\/\/agora.xtec.cat\/ceip-pins\/wp-json\/wp\/v2\/posts\/5503\/revisions"}],"predecessor-version":[{"id":5521,"href":"https:\/\/agora.xtec.cat\/ceip-pins\/wp-json\/wp\/v2\/posts\/5503\/revisions\/5521"}],"wp:featuredmedia":[{"embeddable":true,"href":"https:\/\/agora.xtec.cat\/ceip-pins\/wp-json\/wp\/v2\/media\/5520"}],"wp:attachment":[{"href":"https:\/\/agora.xtec.cat\/ceip-pins\/wp-json\/wp\/v2\/media?parent=5503"}],"wp:term":[{"taxonomy":"category","embeddable":true,"href":"https:\/\/agora.xtec.cat\/ceip-pins\/wp-json\/wp\/v2\/categories?post=5503"},{"taxonomy":"post_tag","embeddable":true,"href":"https:\/\/agora.xtec.cat\/ceip-pins\/wp-json\/wp\/v2\/tags?post=5503"}],"curies":[{"name":"wp","href":"https:\/\/api.w.org\/{rel}","templated":true}]}}