{"id":5214,"date":"2019-09-20T14:08:57","date_gmt":"2019-09-20T12:08:57","guid":{"rendered":"http:\/\/agora.xtec.cat\/ceip-pins\/?p=5214"},"modified":"2019-09-20T14:08:57","modified_gmt":"2019-09-20T12:08:57","slug":"contacontes-la-bet-i-el-tea","status":"publish","type":"post","link":"https:\/\/agora.xtec.cat\/ceip-pins\/afa\/contacontes-la-bet-i-el-tea\/","title":{"rendered":"CONTACONTES LA BET I EL TEA"},"content":{"rendered":"<p>S\u2019apropa el primer divendres de Contacontes del curs!<\/p>\n<p>Per\u00f2 no \u00e9s qualsevol contacontes, aquest estar\u00e0 dedicat als nens i nenes amb TEA (Transtorn de l\u2019Espectre Autista) i ser\u00e0 molt especial perqu\u00e8, a m\u00e9s de ser explicat per les autores, podreu comprar-ne el conte al final de la sessi\u00f3.\u00a0 Afavorim \u00a0l\u2019escola inclusiva aprenent-ne cada dia una mica m\u00e9s.<\/p>\n<p>Fam\u00edlies, hi esteu totes convidades!<\/p>\n<p>Atenci\u00f3, nou horari de contacontes: 17h.<\/p>\n<p>Us hi esperem el dia 26 de setembre amb molta il\u00b7lusi\u00f3!<\/p>\n<p><img loading=\"lazy\" decoding=\"async\" class=\"alignnone size-full wp-image-5240\" src=\"https:\/\/agora.xtec.cat\/ceip-pins\/wp-content\/uploads\/usu1715\/2019\/09\/CONTACONTES_set.jpg\" alt=\"\" width=\"420\" height=\"595\" srcset=\"https:\/\/agora.xtec.cat\/ceip-pins\/wp-content\/uploads\/usu1715\/2019\/09\/CONTACONTES_set.jpg 420w, https:\/\/agora.xtec.cat\/ceip-pins\/wp-content\/uploads\/usu1715\/2019\/09\/CONTACONTES_set-212x300.jpg 212w\" sizes=\"auto, (max-width: 420px) 100vw, 420px\" \/><\/p>\n","protected":false},"excerpt":{"rendered":"<p>Us hi esperem el dia 26 de setembre amb molta il\u00b7lusi\u00f3!&hellip;  <a href=\"https:\/\/agora.xtec.cat\/ceip-pins\/afa\/contacontes-la-bet-i-el-tea\/\" title=\"Read CONTACONTES LA BET I EL TEA\">Llegeix m\u00e9s\u00bb<\/a><\/p>\n","protected":false},"author":4,"featured_media":5241,"comment_status":"closed","ping_status":"closed","sticky":false,"template":"","format":"standard","meta":{"_bbp_topic_count":0,"_bbp_reply_count":0,"_bbp_total_topic_count":0,"_bbp_total_reply_count":0,"_bbp_voice_count":0,"_bbp_anonymous_reply_count":0,"_bbp_topic_count_hidden":0,"_bbp_reply_count_hidden":0,"_bbp_forum_subforum_count":0,"footnotes":""},"categories":[7],"tags":[139],"class_list":["post-5214","post","type-post","status-publish","format-standard","has-post-thumbnail","hentry","category-afa","tag-biblioteca"],"post_mailing_queue_ids":[],"_links":{"self":[{"href":"https:\/\/agora.xtec.cat\/ceip-pins\/wp-json\/wp\/v2\/posts\/5214","targetHints":{"allow":["GET"]}}],"collection":[{"href":"https:\/\/agora.xtec.cat\/ceip-pins\/wp-json\/wp\/v2\/posts"}],"about":[{"href":"https:\/\/agora.xtec.cat\/ceip-pins\/wp-json\/wp\/v2\/types\/post"}],"author":[{"embeddable":true,"href":"https:\/\/agora.xtec.cat\/ceip-pins\/wp-json\/wp\/v2\/users\/4"}],"replies":[{"embeddable":true,"href":"https:\/\/agora.xtec.cat\/ceip-pins\/wp-json\/wp\/v2\/comments?post=5214"}],"version-history":[{"count":1,"href":"https:\/\/agora.xtec.cat\/ceip-pins\/wp-json\/wp\/v2\/posts\/5214\/revisions"}],"predecessor-version":[{"id":5242,"href":"https:\/\/agora.xtec.cat\/ceip-pins\/wp-json\/wp\/v2\/posts\/5214\/revisions\/5242"}],"wp:featuredmedia":[{"embeddable":true,"href":"https:\/\/agora.xtec.cat\/ceip-pins\/wp-json\/wp\/v2\/media\/5241"}],"wp:attachment":[{"href":"https:\/\/agora.xtec.cat\/ceip-pins\/wp-json\/wp\/v2\/media?parent=5214"}],"wp:term":[{"taxonomy":"category","embeddable":true,"href":"https:\/\/agora.xtec.cat\/ceip-pins\/wp-json\/wp\/v2\/categories?post=5214"},{"taxonomy":"post_tag","embeddable":true,"href":"https:\/\/agora.xtec.cat\/ceip-pins\/wp-json\/wp\/v2\/tags?post=5214"}],"curies":[{"name":"wp","href":"https:\/\/api.w.org\/{rel}","templated":true}]}}