{"id":4864,"date":"2019-05-09T23:27:52","date_gmt":"2019-05-09T21:27:52","guid":{"rendered":"http:\/\/agora.xtec.cat\/ceip-pins\/?p=4864"},"modified":"2019-05-10T14:59:49","modified_gmt":"2019-05-10T12:59:49","slug":"els-gegants-passegen-per-sant-cugat","status":"publish","type":"post","link":"https:\/\/agora.xtec.cat\/ceip-pins\/afa\/els-gegants-passegen-per-sant-cugat\/","title":{"rendered":"Els gegants passegen per Sant Cugat"},"content":{"rendered":"<p><strong>Diumenge 19 de maig <\/strong>se celebrar\u00e0 la 7a cercavila d\u2019Escoles de Geganters de Sant Cugat.\u00a0 El programa en ser\u00e0 el seg\u00fcent:<\/p>\n<ul>\n<li>10.30h Pla\u00e7a de la Vila. Convocat\u00f2ria de fam\u00edlies, esmorzar per als infants i darreres indicacions.<\/li>\n<li>11.15h Inici de la Cercavila. Recorregut: pl. de la Vila, rbla. del Celler, Francesc Moragas, Quatre Cantons, Santiago Rusi\u00f1ol, pl. Octavi\u00e0.<\/li>\n<li>12h Arribada a la pla\u00e7a Octavi\u00e0 i entrada de les escoles a la pla\u00e7a. Parlaments de les autoritats i lliurament dels records de la VII Cercavila d\u2019Escoles de Geganters.<\/li>\n<li>12.15-13h Actuaci\u00f3 musical i finalitzaci\u00f3 de l\u2019activitat.<\/li>\n<\/ul>\n<p>Veniu amb la samarreta del Pins i participeu-hi! Us hi esperem!<\/p>\n<p><img loading=\"lazy\" decoding=\"async\" class=\"alignnone size-full wp-image-4865\" src=\"https:\/\/agora.xtec.cat\/ceip-pins\/wp-content\/uploads\/usu1715\/2019\/05\/WhatsApp-Image-2019-05-09-at-15.50.09.jpeg\" alt=\"\" width=\"594\" height=\"640\" srcset=\"https:\/\/agora.xtec.cat\/ceip-pins\/wp-content\/uploads\/usu1715\/2019\/05\/WhatsApp-Image-2019-05-09-at-15.50.09.jpeg 594w, https:\/\/agora.xtec.cat\/ceip-pins\/wp-content\/uploads\/usu1715\/2019\/05\/WhatsApp-Image-2019-05-09-at-15.50.09-278x300.jpeg 278w\" sizes=\"auto, (max-width: 594px) 100vw, 594px\" \/><\/p>\n","protected":false},"excerpt":{"rendered":"<p>Veniu amb la samarreta del Pins i participeu-hi! &hellip;  <a href=\"https:\/\/agora.xtec.cat\/ceip-pins\/afa\/els-gegants-passegen-per-sant-cugat\/\" title=\"Read Els gegants passegen per Sant Cugat\">Llegeix m\u00e9s\u00bb<\/a><\/p>\n","protected":false},"author":4,"featured_media":4734,"comment_status":"closed","ping_status":"closed","sticky":false,"template":"","format":"standard","meta":{"_bbp_topic_count":0,"_bbp_reply_count":0,"_bbp_total_topic_count":0,"_bbp_total_reply_count":0,"_bbp_voice_count":0,"_bbp_anonymous_reply_count":0,"_bbp_topic_count_hidden":0,"_bbp_reply_count_hidden":0,"_bbp_forum_subforum_count":0,"footnotes":""},"categories":[7],"tags":[212],"class_list":["post-4864","post","type-post","status-publish","format-standard","has-post-thumbnail","hentry","category-afa","tag-trobada-gegantera"],"post_mailing_queue_ids":[],"_links":{"self":[{"href":"https:\/\/agora.xtec.cat\/ceip-pins\/wp-json\/wp\/v2\/posts\/4864","targetHints":{"allow":["GET"]}}],"collection":[{"href":"https:\/\/agora.xtec.cat\/ceip-pins\/wp-json\/wp\/v2\/posts"}],"about":[{"href":"https:\/\/agora.xtec.cat\/ceip-pins\/wp-json\/wp\/v2\/types\/post"}],"author":[{"embeddable":true,"href":"https:\/\/agora.xtec.cat\/ceip-pins\/wp-json\/wp\/v2\/users\/4"}],"replies":[{"embeddable":true,"href":"https:\/\/agora.xtec.cat\/ceip-pins\/wp-json\/wp\/v2\/comments?post=4864"}],"version-history":[{"count":2,"href":"https:\/\/agora.xtec.cat\/ceip-pins\/wp-json\/wp\/v2\/posts\/4864\/revisions"}],"predecessor-version":[{"id":4874,"href":"https:\/\/agora.xtec.cat\/ceip-pins\/wp-json\/wp\/v2\/posts\/4864\/revisions\/4874"}],"wp:featuredmedia":[{"embeddable":true,"href":"https:\/\/agora.xtec.cat\/ceip-pins\/wp-json\/wp\/v2\/media\/4734"}],"wp:attachment":[{"href":"https:\/\/agora.xtec.cat\/ceip-pins\/wp-json\/wp\/v2\/media?parent=4864"}],"wp:term":[{"taxonomy":"category","embeddable":true,"href":"https:\/\/agora.xtec.cat\/ceip-pins\/wp-json\/wp\/v2\/categories?post=4864"},{"taxonomy":"post_tag","embeddable":true,"href":"https:\/\/agora.xtec.cat\/ceip-pins\/wp-json\/wp\/v2\/tags?post=4864"}],"curies":[{"name":"wp","href":"https:\/\/api.w.org\/{rel}","templated":true}]}}