{"id":4754,"date":"2019-05-02T18:27:44","date_gmt":"2019-05-02T16:27:44","guid":{"rendered":"http:\/\/agora.xtec.cat\/ceip-pins\/?p=4754"},"modified":"2019-05-02T18:27:44","modified_gmt":"2019-05-02T16:27:44","slug":"cinema-inclusiu-per-teas","status":"publish","type":"post","link":"https:\/\/agora.xtec.cat\/ceip-pins\/afa\/cinema-inclusiu-per-teas\/","title":{"rendered":"Cinema inclusiu per TEAs"},"content":{"rendered":"<p><strong>Un cinema inclusiu, obert a tothom i ple de valors!<\/strong><\/p>\n<p><img loading=\"lazy\" decoding=\"async\" class=\"alignright wp-image-4775\" src=\"https:\/\/agora.xtec.cat\/ceip-pins\/wp-content\/uploads\/usu1715\/2019\/05\/PhotoGrid_1556559369256_resized_20190429_073640479.jpg\" alt=\"\" width=\"500\" height=\"500\" srcset=\"https:\/\/agora.xtec.cat\/ceip-pins\/wp-content\/uploads\/usu1715\/2019\/05\/PhotoGrid_1556559369256_resized_20190429_073640479.jpg 1024w, https:\/\/agora.xtec.cat\/ceip-pins\/wp-content\/uploads\/usu1715\/2019\/05\/PhotoGrid_1556559369256_resized_20190429_073640479-150x150.jpg 150w, https:\/\/agora.xtec.cat\/ceip-pins\/wp-content\/uploads\/usu1715\/2019\/05\/PhotoGrid_1556559369256_resized_20190429_073640479-300x300.jpg 300w, https:\/\/agora.xtec.cat\/ceip-pins\/wp-content\/uploads\/usu1715\/2019\/05\/PhotoGrid_1556559369256_resized_20190429_073640479-768x768.jpg 768w\" sizes=\"auto, (max-width: 500px) 100vw, 500px\" \/><\/p>\n<p>Des de diumenge 28 d&#8217;abril, els cinemes Sant Cugat promouen el \u201cCinema per a tothom\u201d.\u00a0\u00c9s una iniciativa del\u00a0<strong>Grup TEA Sant Cugat<\/strong><strong>\u00a0<\/strong>(associaci\u00f3 de fam\u00edlies amb infants amb trastorn de l&#8217;espectre de l&#8217;autisme) amb el suport de Paidos, l\u2019Ajuntament i els Cinemes Sant Cugat.<\/p>\n<p>S\u00f3n sessions inclusives, obertes a tothom i adaptades a les necessitats espec\u00edfiques dels infants amb trastorn de l\u2019espectre de l&#8217;autisme.<\/p>\n<p>L&#8217;objectiu \u00e9s construir una societat sense barreres. Tothom ha de poder accedir a les diferents propostes, en aquest cas, d\u2019oci familiar.<\/p>\n<p>Les sessions es fan en condicions especials de so i llum i es permet entrar i sortir de la sala. Al vest\u00edbul hi ha jocs i activitats per a qui necessiti una estona d\u2019esbarjo mentre es projecta la pel\u00b7l\u00edcula.<\/p>\n<p>En aquesta primera sessi\u00f3 es va projectar la pel\u00b7l\u00edcula &#8220;El Parque M\u00e1gico&#8221; i van assistir m\u00e9s de 200 persones! Aquesta iniciativa seguir\u00e0\u00a0el 19 de maig i el 23 de juny!<\/p>\n<p><strong>Ens encanta el gaudi obert i inclusiu!<\/strong><\/p>\n<p><img loading=\"lazy\" decoding=\"async\" class=\"alignnone size-full wp-image-4776\" src=\"https:\/\/agora.xtec.cat\/ceip-pins\/wp-content\/uploads\/usu1715\/2019\/05\/image005.jpg\" alt=\"\" width=\"465\" height=\"662\" srcset=\"https:\/\/agora.xtec.cat\/ceip-pins\/wp-content\/uploads\/usu1715\/2019\/05\/image005.jpg 465w, https:\/\/agora.xtec.cat\/ceip-pins\/wp-content\/uploads\/usu1715\/2019\/05\/image005-211x300.jpg 211w\" sizes=\"auto, (max-width: 465px) 100vw, 465px\" \/><\/p>\n","protected":false},"excerpt":{"rendered":"<p>Ens encanta el gaudi obert i inclusiu!&hellip;  <a href=\"https:\/\/agora.xtec.cat\/ceip-pins\/afa\/cinema-inclusiu-per-teas\/\" title=\"Read Cinema inclusiu per TEAs\">Llegeix m\u00e9s\u00bb<\/a><\/p>\n","protected":false},"author":4,"featured_media":4777,"comment_status":"closed","ping_status":"closed","sticky":false,"template":"","format":"standard","meta":{"_bbp_topic_count":0,"_bbp_reply_count":0,"_bbp_total_topic_count":0,"_bbp_total_reply_count":0,"_bbp_voice_count":0,"_bbp_anonymous_reply_count":0,"_bbp_topic_count_hidden":0,"_bbp_reply_count_hidden":0,"_bbp_forum_subforum_count":0,"footnotes":""},"categories":[7],"tags":[173],"class_list":["post-4754","post","type-post","status-publish","format-standard","has-post-thumbnail","hentry","category-afa","tag-tea"],"post_mailing_queue_ids":[],"_links":{"self":[{"href":"https:\/\/agora.xtec.cat\/ceip-pins\/wp-json\/wp\/v2\/posts\/4754","targetHints":{"allow":["GET"]}}],"collection":[{"href":"https:\/\/agora.xtec.cat\/ceip-pins\/wp-json\/wp\/v2\/posts"}],"about":[{"href":"https:\/\/agora.xtec.cat\/ceip-pins\/wp-json\/wp\/v2\/types\/post"}],"author":[{"embeddable":true,"href":"https:\/\/agora.xtec.cat\/ceip-pins\/wp-json\/wp\/v2\/users\/4"}],"replies":[{"embeddable":true,"href":"https:\/\/agora.xtec.cat\/ceip-pins\/wp-json\/wp\/v2\/comments?post=4754"}],"version-history":[{"count":1,"href":"https:\/\/agora.xtec.cat\/ceip-pins\/wp-json\/wp\/v2\/posts\/4754\/revisions"}],"predecessor-version":[{"id":4778,"href":"https:\/\/agora.xtec.cat\/ceip-pins\/wp-json\/wp\/v2\/posts\/4754\/revisions\/4778"}],"wp:featuredmedia":[{"embeddable":true,"href":"https:\/\/agora.xtec.cat\/ceip-pins\/wp-json\/wp\/v2\/media\/4777"}],"wp:attachment":[{"href":"https:\/\/agora.xtec.cat\/ceip-pins\/wp-json\/wp\/v2\/media?parent=4754"}],"wp:term":[{"taxonomy":"category","embeddable":true,"href":"https:\/\/agora.xtec.cat\/ceip-pins\/wp-json\/wp\/v2\/categories?post=4754"},{"taxonomy":"post_tag","embeddable":true,"href":"https:\/\/agora.xtec.cat\/ceip-pins\/wp-json\/wp\/v2\/tags?post=4754"}],"curies":[{"name":"wp","href":"https:\/\/api.w.org\/{rel}","templated":true}]}}