{"id":4646,"date":"2019-04-11T22:53:55","date_gmt":"2019-04-11T20:53:55","guid":{"rendered":"http:\/\/agora.xtec.cat\/ceip-pins\/?p=4646"},"modified":"2019-04-11T22:53:55","modified_gmt":"2019-04-11T20:53:55","slug":"61a-marxa-infantil","status":"publish","type":"post","link":"https:\/\/agora.xtec.cat\/ceip-pins\/afa\/61a-marxa-infantil\/","title":{"rendered":"61a Marxa Infantil!"},"content":{"rendered":"<p><strong>70 parelles del Pins de 2n a 6\u00e8 han gaudit aquest diumenge 7 d\u2019abril de la La 61a Marxa Infantil<\/strong>, organitzada pel\u00a0Club Muntanyenc de Sant Cugat! Un mat\u00ed preci\u00f3s amb m\u00e9s de 2.000 infants\u00a0 &#8211; que han fet cam\u00ed des del Parc de Ramon Barnils fins al Parc Natural de Collserola- han seguit la marxa fins el cam\u00ed de la Torre Cendrera, on s&#8217;han aturat quinze minuts a esmorzar i a descansar. \u00a0Un cop carregats d\u2019energia,\u00a0 han repr\u00e8s el cam\u00ed fins arribar altra vegada al punt de sortida. Els primers i primeres\u00a0 participants, els del Pins, han arribat quan passaven pocs minuts de les dotze del mat\u00ed.<\/p>\n<p>El que m\u00e9s agrada als participants d\u2019aquesta marxa \u00e9s compartir el cam\u00ed amb els amics i amigues envoltats de natura!<\/p>\n<p>Aqu\u00ed en podeu veure el resum:<\/p>\n<p><a href=\"https:\/\/www.cugat.cat\/noticies\/societat\/143053\/la-marxa-infantil-una-cita-d__obligada-participacio_-per-als-infants-de-sant_cugat\">https:\/\/www.cugat.cat\/noticies\/societat\/143053\/la-marxa-infantil-una-cita-d__obligada-participacio_-per-als-infants-de-sant_cugat<\/a><\/p>\n<p><img loading=\"lazy\" decoding=\"async\" class=\"alignnone size-large wp-image-4670\" src=\"https:\/\/agora.xtec.cat\/ceip-pins\/wp-content\/uploads\/usu1715\/2019\/04\/IMG-20190408-WA0005-1024x1024.jpg\" alt=\"\" width=\"1024\" height=\"1024\" srcset=\"https:\/\/agora.xtec.cat\/ceip-pins\/wp-content\/uploads\/usu1715\/2019\/04\/IMG-20190408-WA0005-1024x1024.jpg 1024w, https:\/\/agora.xtec.cat\/ceip-pins\/wp-content\/uploads\/usu1715\/2019\/04\/IMG-20190408-WA0005-150x150.jpg 150w, https:\/\/agora.xtec.cat\/ceip-pins\/wp-content\/uploads\/usu1715\/2019\/04\/IMG-20190408-WA0005-300x300.jpg 300w, https:\/\/agora.xtec.cat\/ceip-pins\/wp-content\/uploads\/usu1715\/2019\/04\/IMG-20190408-WA0005-768x768.jpg 768w, https:\/\/agora.xtec.cat\/ceip-pins\/wp-content\/uploads\/usu1715\/2019\/04\/IMG-20190408-WA0005.jpg 1600w\" sizes=\"auto, (max-width: 1024px) 100vw, 1024px\" \/><\/p>\n","protected":false},"excerpt":{"rendered":"<p>No us perdeu el resum de la jornada! &hellip;  <a href=\"https:\/\/agora.xtec.cat\/ceip-pins\/afa\/61a-marxa-infantil\/\" title=\"Read 61a Marxa Infantil!\">Llegeix m\u00e9s\u00bb<\/a><\/p>\n","protected":false},"author":4,"featured_media":4675,"comment_status":"closed","ping_status":"closed","sticky":false,"template":"","format":"standard","meta":{"_bbp_topic_count":0,"_bbp_reply_count":0,"_bbp_total_topic_count":0,"_bbp_total_reply_count":0,"_bbp_voice_count":0,"_bbp_anonymous_reply_count":0,"_bbp_topic_count_hidden":0,"_bbp_reply_count_hidden":0,"_bbp_forum_subforum_count":0,"footnotes":""},"categories":[7],"tags":[175],"class_list":["post-4646","post","type-post","status-publish","format-standard","has-post-thumbnail","hentry","category-afa","tag-marxa-infantil"],"post_mailing_queue_ids":[],"_links":{"self":[{"href":"https:\/\/agora.xtec.cat\/ceip-pins\/wp-json\/wp\/v2\/posts\/4646","targetHints":{"allow":["GET"]}}],"collection":[{"href":"https:\/\/agora.xtec.cat\/ceip-pins\/wp-json\/wp\/v2\/posts"}],"about":[{"href":"https:\/\/agora.xtec.cat\/ceip-pins\/wp-json\/wp\/v2\/types\/post"}],"author":[{"embeddable":true,"href":"https:\/\/agora.xtec.cat\/ceip-pins\/wp-json\/wp\/v2\/users\/4"}],"replies":[{"embeddable":true,"href":"https:\/\/agora.xtec.cat\/ceip-pins\/wp-json\/wp\/v2\/comments?post=4646"}],"version-history":[{"count":1,"href":"https:\/\/agora.xtec.cat\/ceip-pins\/wp-json\/wp\/v2\/posts\/4646\/revisions"}],"predecessor-version":[{"id":4676,"href":"https:\/\/agora.xtec.cat\/ceip-pins\/wp-json\/wp\/v2\/posts\/4646\/revisions\/4676"}],"wp:featuredmedia":[{"embeddable":true,"href":"https:\/\/agora.xtec.cat\/ceip-pins\/wp-json\/wp\/v2\/media\/4675"}],"wp:attachment":[{"href":"https:\/\/agora.xtec.cat\/ceip-pins\/wp-json\/wp\/v2\/media?parent=4646"}],"wp:term":[{"taxonomy":"category","embeddable":true,"href":"https:\/\/agora.xtec.cat\/ceip-pins\/wp-json\/wp\/v2\/categories?post=4646"},{"taxonomy":"post_tag","embeddable":true,"href":"https:\/\/agora.xtec.cat\/ceip-pins\/wp-json\/wp\/v2\/tags?post=4646"}],"curies":[{"name":"wp","href":"https:\/\/api.w.org\/{rel}","templated":true}]}}