{"id":4645,"date":"2019-04-11T22:58:07","date_gmt":"2019-04-11T20:58:07","guid":{"rendered":"http:\/\/agora.xtec.cat\/ceip-pins\/?p=4645"},"modified":"2019-04-11T23:00:30","modified_gmt":"2019-04-11T21:00:30","slug":"vi-gimnastrada-de-ritmica","status":"publish","type":"post","link":"https:\/\/agora.xtec.cat\/ceip-pins\/afa\/vi-gimnastrada-de-ritmica\/","title":{"rendered":"VI Gimnastrada de R\u00edtmica!"},"content":{"rendered":"<p>Benvolgudes fam\u00edlies,<\/p>\n<p>Aquest passat 6 d\u2019abril es va celebrar la VI Gimnastrada Vila de Sant Cugat al PAV III de la Rambla del Celler.<\/p>\n<p>Les 14 fant\u00e0stiques nenes del Pins hi van ballar a les 9:20h amb una can\u00e7\u00f3 dels anys 80, \u201cGreat balls of fire\u201d!<\/p>\n<p>Gaudiu del v\u00eddeo!<\/p>\n<p><iframe loading=\"lazy\" title=\"VI Gimnastrada de R\u00edtmica!\" width=\"500\" height=\"281\" src=\"https:\/\/www.youtube.com\/embed\/I3fyvzC_L_4?feature=oembed\" frameborder=\"0\" allow=\"accelerometer; autoplay; clipboard-write; encrypted-media; gyroscope; picture-in-picture; web-share\" referrerpolicy=\"strict-origin-when-cross-origin\" allowfullscreen><\/iframe><\/p>\n<p><img loading=\"lazy\" decoding=\"async\" class=\"alignnone size-large wp-image-4669\" src=\"https:\/\/agora.xtec.cat\/ceip-pins\/wp-content\/uploads\/usu1715\/2019\/04\/IMG-20190408-WA0006-1024x1024.jpg\" alt=\"\" width=\"1024\" height=\"1024\" srcset=\"https:\/\/agora.xtec.cat\/ceip-pins\/wp-content\/uploads\/usu1715\/2019\/04\/IMG-20190408-WA0006-1024x1024.jpg 1024w, https:\/\/agora.xtec.cat\/ceip-pins\/wp-content\/uploads\/usu1715\/2019\/04\/IMG-20190408-WA0006-150x150.jpg 150w, https:\/\/agora.xtec.cat\/ceip-pins\/wp-content\/uploads\/usu1715\/2019\/04\/IMG-20190408-WA0006-300x300.jpg 300w, https:\/\/agora.xtec.cat\/ceip-pins\/wp-content\/uploads\/usu1715\/2019\/04\/IMG-20190408-WA0006-768x768.jpg 768w, https:\/\/agora.xtec.cat\/ceip-pins\/wp-content\/uploads\/usu1715\/2019\/04\/IMG-20190408-WA0006.jpg 1600w\" sizes=\"auto, (max-width: 1024px) 100vw, 1024px\" \/><\/p>\n","protected":false},"excerpt":{"rendered":"<p>Gaudiu del v\u00eddeo!&hellip;  <a href=\"https:\/\/agora.xtec.cat\/ceip-pins\/afa\/vi-gimnastrada-de-ritmica\/\" title=\"Read VI Gimnastrada de R\u00edtmica!\">Llegeix m\u00e9s\u00bb<\/a><\/p>\n","protected":false},"author":4,"featured_media":4677,"comment_status":"closed","ping_status":"closed","sticky":false,"template":"","format":"standard","meta":{"_bbp_topic_count":0,"_bbp_reply_count":0,"_bbp_total_topic_count":0,"_bbp_total_reply_count":0,"_bbp_voice_count":0,"_bbp_anonymous_reply_count":0,"_bbp_topic_count_hidden":0,"_bbp_reply_count_hidden":0,"_bbp_forum_subforum_count":0,"footnotes":""},"categories":[7],"tags":[164,295],"class_list":["post-4645","post","type-post","status-publish","format-standard","has-post-thumbnail","hentry","category-afa","tag-extraescolars","tag-gimnastica-ritmica"],"post_mailing_queue_ids":[],"_links":{"self":[{"href":"https:\/\/agora.xtec.cat\/ceip-pins\/wp-json\/wp\/v2\/posts\/4645","targetHints":{"allow":["GET"]}}],"collection":[{"href":"https:\/\/agora.xtec.cat\/ceip-pins\/wp-json\/wp\/v2\/posts"}],"about":[{"href":"https:\/\/agora.xtec.cat\/ceip-pins\/wp-json\/wp\/v2\/types\/post"}],"author":[{"embeddable":true,"href":"https:\/\/agora.xtec.cat\/ceip-pins\/wp-json\/wp\/v2\/users\/4"}],"replies":[{"embeddable":true,"href":"https:\/\/agora.xtec.cat\/ceip-pins\/wp-json\/wp\/v2\/comments?post=4645"}],"version-history":[{"count":1,"href":"https:\/\/agora.xtec.cat\/ceip-pins\/wp-json\/wp\/v2\/posts\/4645\/revisions"}],"predecessor-version":[{"id":4678,"href":"https:\/\/agora.xtec.cat\/ceip-pins\/wp-json\/wp\/v2\/posts\/4645\/revisions\/4678"}],"wp:featuredmedia":[{"embeddable":true,"href":"https:\/\/agora.xtec.cat\/ceip-pins\/wp-json\/wp\/v2\/media\/4677"}],"wp:attachment":[{"href":"https:\/\/agora.xtec.cat\/ceip-pins\/wp-json\/wp\/v2\/media?parent=4645"}],"wp:term":[{"taxonomy":"category","embeddable":true,"href":"https:\/\/agora.xtec.cat\/ceip-pins\/wp-json\/wp\/v2\/categories?post=4645"},{"taxonomy":"post_tag","embeddable":true,"href":"https:\/\/agora.xtec.cat\/ceip-pins\/wp-json\/wp\/v2\/tags?post=4645"}],"curies":[{"name":"wp","href":"https:\/\/api.w.org\/{rel}","templated":true}]}}