{"id":4336,"date":"2019-03-07T15:39:04","date_gmt":"2019-03-07T14:39:04","guid":{"rendered":"http:\/\/agora.xtec.cat\/ceip-pins\/?p=4336"},"modified":"2019-03-08T12:06:24","modified_gmt":"2019-03-08T11:06:24","slug":"vine-i-participa-en-el-taller-textil","status":"publish","type":"post","link":"https:\/\/agora.xtec.cat\/ceip-pins\/afa\/vine-i-participa-en-el-taller-textil\/","title":{"rendered":"Vine i participa en el taller t\u00e8xtil"},"content":{"rendered":"<p><span style=\"font-family: inherit; font-size: 1em;\">Estem preparant un taller t\u00e8xtil de quatre sessions per a alumnat de primer a sis\u00e8 curs.<\/span><\/p>\n<p><img loading=\"lazy\" decoding=\"async\" class=\"size-full wp-image-4354 alignright\" src=\"https:\/\/agora.xtec.cat\/ceip-pins\/wp-content\/uploads\/usu1715\/2019\/03\/mintextil.jpg\" alt=\"\" width=\"799\" height=\"316\" srcset=\"https:\/\/agora.xtec.cat\/ceip-pins\/wp-content\/uploads\/usu1715\/2019\/03\/mintextil.jpg 799w, https:\/\/agora.xtec.cat\/ceip-pins\/wp-content\/uploads\/usu1715\/2019\/03\/mintextil-300x119.jpg 300w, https:\/\/agora.xtec.cat\/ceip-pins\/wp-content\/uploads\/usu1715\/2019\/03\/mintextil-768x304.jpg 768w\" sizes=\"auto, (max-width: 799px) 100vw, 799px\" \/><\/p>\n<p>Anir\u00e0 a c\u00e0rrec de la Katia i aprendrem a treballar amb diferents materials com la llana o el cot\u00f3. Hi aplicarem diferents t\u00e8cniques tradicionals (punt, ganxet, teler i, fins i tot, amb els dits i les mans). Volem saber m\u00e9s del m\u00f3n artesanal del t\u00e8xtil.<\/p>\n<p>Per apuntar-vos-hi, podeu entrar a la vostra \u00e0rea privada o enviant un correu a la Maria, coordinadora de Paidos (<u><a href=\"mailto:paidospins@fundesplai.org\">paidospins@fundesplai.org<\/a><\/u>)<\/p>\n<p>Veniu a teixir!<\/p>\n<p><strong><u>Dades de l&#8217;activitat:<\/u><\/strong><br \/>\n<strong>Dia:<\/strong>\u00a0els divendres 15, 22 i 29 de mar\u00e7 i 5 d&#8217;abril<br \/>\n<strong>Horari:<\/strong>\u00a0de 16.30h a 18.00h.<br \/>\n<strong>Preu:<\/strong>\u00a018\u20ac<br \/>\n<strong>Per\u00edode d\u2019inscripcions:<\/strong>\u00a0fins dimecres 13 de mar\u00e7<br \/>\n<strong>Destinataris:<\/strong>\u00a0alumnat de 1r a 6\u00e8 curs<\/p>\n<p>&nbsp;<\/p>\n","protected":false},"excerpt":{"rendered":"<p>Veniu a teixir!&hellip;  <a href=\"https:\/\/agora.xtec.cat\/ceip-pins\/afa\/vine-i-participa-en-el-taller-textil\/\" title=\"Read Vine i participa en el taller t\u00e8xtil\">Llegeix m\u00e9s\u00bb<\/a><\/p>\n","protected":false},"author":4,"featured_media":4354,"comment_status":"closed","ping_status":"closed","sticky":false,"template":"","format":"standard","meta":{"_bbp_topic_count":0,"_bbp_reply_count":0,"_bbp_total_topic_count":0,"_bbp_total_reply_count":0,"_bbp_voice_count":0,"_bbp_anonymous_reply_count":0,"_bbp_topic_count_hidden":0,"_bbp_reply_count_hidden":0,"_bbp_forum_subforum_count":0,"footnotes":""},"categories":[7],"tags":[164],"class_list":["post-4336","post","type-post","status-publish","format-standard","has-post-thumbnail","hentry","category-afa","tag-extraescolars"],"post_mailing_queue_ids":[],"_links":{"self":[{"href":"https:\/\/agora.xtec.cat\/ceip-pins\/wp-json\/wp\/v2\/posts\/4336","targetHints":{"allow":["GET"]}}],"collection":[{"href":"https:\/\/agora.xtec.cat\/ceip-pins\/wp-json\/wp\/v2\/posts"}],"about":[{"href":"https:\/\/agora.xtec.cat\/ceip-pins\/wp-json\/wp\/v2\/types\/post"}],"author":[{"embeddable":true,"href":"https:\/\/agora.xtec.cat\/ceip-pins\/wp-json\/wp\/v2\/users\/4"}],"replies":[{"embeddable":true,"href":"https:\/\/agora.xtec.cat\/ceip-pins\/wp-json\/wp\/v2\/comments?post=4336"}],"version-history":[{"count":2,"href":"https:\/\/agora.xtec.cat\/ceip-pins\/wp-json\/wp\/v2\/posts\/4336\/revisions"}],"predecessor-version":[{"id":4355,"href":"https:\/\/agora.xtec.cat\/ceip-pins\/wp-json\/wp\/v2\/posts\/4336\/revisions\/4355"}],"wp:featuredmedia":[{"embeddable":true,"href":"https:\/\/agora.xtec.cat\/ceip-pins\/wp-json\/wp\/v2\/media\/4354"}],"wp:attachment":[{"href":"https:\/\/agora.xtec.cat\/ceip-pins\/wp-json\/wp\/v2\/media?parent=4336"}],"wp:term":[{"taxonomy":"category","embeddable":true,"href":"https:\/\/agora.xtec.cat\/ceip-pins\/wp-json\/wp\/v2\/categories?post=4336"},{"taxonomy":"post_tag","embeddable":true,"href":"https:\/\/agora.xtec.cat\/ceip-pins\/wp-json\/wp\/v2\/tags?post=4336"}],"curies":[{"name":"wp","href":"https:\/\/api.w.org\/{rel}","templated":true}]}}