{"id":4293,"date":"2019-02-28T23:23:04","date_gmt":"2019-02-28T22:23:04","guid":{"rendered":"http:\/\/agora.xtec.cat\/ceip-pins\/?p=4293"},"modified":"2019-02-28T23:55:07","modified_gmt":"2019-02-28T22:55:07","slug":"ja-tenim-la-pinsdisfressa","status":"publish","type":"post","link":"https:\/\/agora.xtec.cat\/ceip-pins\/afa\/ja-tenim-la-pinsdisfressa\/","title":{"rendered":"Ja tenim la PINSdisfressa!"},"content":{"rendered":"<p>Mosques del Pins,<\/p>\n<p>Diumenge 3 de mar\u00e7 a les 16.00h a la pla\u00e7a Barcelona, ENS FAREM LA MACROFOTO AMB TOTES LES FAM\u00cdLIES.<\/p>\n<p>La rua comen\u00e7a a les 16.30h. Recordeu que tothom anem vestits amb roba negra (fins i tot la companyia) i portem tots els estris que hem preparat als tallers.<\/p>\n<p>Farem molt de soroll acompanyats del grup de batucada del Pins:\u00a0BATU PINS PAM PUM!<\/p>\n<p>&nbsp;<\/p>\n<p><strong>Estem a punt per a la posada en escena a la pla\u00e7a?<\/strong><\/p>\n<p>En arribar a la pla\u00e7a, les mosques volarem per tot arreu al voltant del nostre carro. Portarem confeti i ballarem al ritme \u201cbatuquero\u201d.<\/p>\n<p><strong>En sentir un fort soroll, \u201c PUM!\u201d, s\u2019aturar\u00e0 la m\u00fasica i totes les mosques cauran a terra.<\/strong><\/p>\n<p>Au! Ara a gaudir d\u2019aquesta activitat en fam\u00edlia.<\/p>\n<p>&nbsp;<\/p>\n<p><img loading=\"lazy\" decoding=\"async\" class=\"alignnone size-full wp-image-4316\" src=\"https:\/\/agora.xtec.cat\/ceip-pins\/wp-content\/uploads\/usu1715\/2019\/02\/minimoscas-1.jpg\" alt=\"\" width=\"695\" height=\"321\" srcset=\"https:\/\/agora.xtec.cat\/ceip-pins\/wp-content\/uploads\/usu1715\/2019\/02\/minimoscas-1.jpg 695w, https:\/\/agora.xtec.cat\/ceip-pins\/wp-content\/uploads\/usu1715\/2019\/02\/minimoscas-1-300x139.jpg 300w\" sizes=\"auto, (max-width: 695px) 100vw, 695px\" \/><\/p>\n","protected":false},"excerpt":{"rendered":"<p>Ara a gaudir!&hellip;  <a href=\"https:\/\/agora.xtec.cat\/ceip-pins\/afa\/ja-tenim-la-pinsdisfressa\/\" title=\"Read Ja tenim la PINSdisfressa!\">Llegeix m\u00e9s\u00bb<\/a><\/p>\n","protected":false},"author":4,"featured_media":4316,"comment_status":"closed","ping_status":"closed","sticky":false,"template":"","format":"standard","meta":{"_bbp_topic_count":0,"_bbp_reply_count":0,"_bbp_total_topic_count":0,"_bbp_total_reply_count":0,"_bbp_voice_count":0,"_bbp_anonymous_reply_count":0,"_bbp_topic_count_hidden":0,"_bbp_reply_count_hidden":0,"_bbp_forum_subforum_count":0,"footnotes":""},"categories":[7],"tags":[144],"class_list":["post-4293","post","type-post","status-publish","format-standard","has-post-thumbnail","hentry","category-afa","tag-carnestoltes"],"post_mailing_queue_ids":[],"_links":{"self":[{"href":"https:\/\/agora.xtec.cat\/ceip-pins\/wp-json\/wp\/v2\/posts\/4293","targetHints":{"allow":["GET"]}}],"collection":[{"href":"https:\/\/agora.xtec.cat\/ceip-pins\/wp-json\/wp\/v2\/posts"}],"about":[{"href":"https:\/\/agora.xtec.cat\/ceip-pins\/wp-json\/wp\/v2\/types\/post"}],"author":[{"embeddable":true,"href":"https:\/\/agora.xtec.cat\/ceip-pins\/wp-json\/wp\/v2\/users\/4"}],"replies":[{"embeddable":true,"href":"https:\/\/agora.xtec.cat\/ceip-pins\/wp-json\/wp\/v2\/comments?post=4293"}],"version-history":[{"count":3,"href":"https:\/\/agora.xtec.cat\/ceip-pins\/wp-json\/wp\/v2\/posts\/4293\/revisions"}],"predecessor-version":[{"id":4318,"href":"https:\/\/agora.xtec.cat\/ceip-pins\/wp-json\/wp\/v2\/posts\/4293\/revisions\/4318"}],"wp:featuredmedia":[{"embeddable":true,"href":"https:\/\/agora.xtec.cat\/ceip-pins\/wp-json\/wp\/v2\/media\/4316"}],"wp:attachment":[{"href":"https:\/\/agora.xtec.cat\/ceip-pins\/wp-json\/wp\/v2\/media?parent=4293"}],"wp:term":[{"taxonomy":"category","embeddable":true,"href":"https:\/\/agora.xtec.cat\/ceip-pins\/wp-json\/wp\/v2\/categories?post=4293"},{"taxonomy":"post_tag","embeddable":true,"href":"https:\/\/agora.xtec.cat\/ceip-pins\/wp-json\/wp\/v2\/tags?post=4293"}],"curies":[{"name":"wp","href":"https:\/\/api.w.org\/{rel}","templated":true}]}}