{"id":4260,"date":"2019-02-21T19:38:34","date_gmt":"2019-02-21T18:38:34","guid":{"rendered":"http:\/\/agora.xtec.cat\/ceip-pins\/?p=4260"},"modified":"2019-02-22T12:19:07","modified_gmt":"2019-02-22T11:19:07","slug":"les-mosques-del-pins","status":"publish","type":"post","link":"https:\/\/agora.xtec.cat\/ceip-pins\/afa\/les-mosques-del-pins\/","title":{"rendered":"Les \u201cmosques\u201d del PINS"},"content":{"rendered":"<p><strong>Les \u201cmosques\u201d del PINS ja preparen la PINSdisfressa<\/strong><\/p>\n<p>El 3 de mar\u00e7 arriba la rua de Carnaval a Sant Cugat. Per fer la comparsa m\u00e9s HOMOG\u00c8NIA, seria fant\u00e0stic si anem totes i tots vestits de negre i, a sobre, ens posem la disfressa que estem preparant. Voleu veure\u2019n alguna foto?<\/p>\n<p>Si no heu pogut venir als dos tallers previs, cal que utilitzeu les plantilles per fer les ales o, si en teniu algun dubte, veniu al tercer taller que realitzarem aquest divendres 22 de febrer a la SALA de DANSA. <strong>\u00c9s f\u00e0cil i us ajudarem en tot!<\/strong><\/p>\n<p>Aquesta \u00e9s la foto de l\u2019\u00faltim proc\u00e9s de la disfressa: les antenes. Es fan amb una diadema i pals de pipa negres.<\/p>\n<p>En la reuni\u00f3 d\u2019avui divendres tamb\u00e9 us explicarem com anir\u00e0 la RUA i com farem la posada en escena a la pla\u00e7a del Monestir. TOTHOM HI EST\u00c0 CONVIDAT! Animeu-vos-hi! \u00c9s una activitat divertida en fam\u00edlia.<\/p>\n<p><strong>RECORDEU: QUEDEM EL 3 DE MAR\u00c7 A LES 16.00h a la PLA\u00c7A BARCELONA!<\/strong><\/p>\n<p>&nbsp;<\/p>\n<p><img loading=\"lazy\" decoding=\"async\" class=\"alignnone size-large wp-image-4276\" src=\"https:\/\/agora.xtec.cat\/ceip-pins\/wp-content\/uploads\/usu1715\/2019\/02\/WhatsApp-Image-2019-02-20-at-11.47.51-1024x768.jpeg\" alt=\"\" width=\"1024\" height=\"768\" srcset=\"https:\/\/agora.xtec.cat\/ceip-pins\/wp-content\/uploads\/usu1715\/2019\/02\/WhatsApp-Image-2019-02-20-at-11.47.51-1024x768.jpeg 1024w, https:\/\/agora.xtec.cat\/ceip-pins\/wp-content\/uploads\/usu1715\/2019\/02\/WhatsApp-Image-2019-02-20-at-11.47.51-300x225.jpeg 300w, https:\/\/agora.xtec.cat\/ceip-pins\/wp-content\/uploads\/usu1715\/2019\/02\/WhatsApp-Image-2019-02-20-at-11.47.51-768x576.jpeg 768w, https:\/\/agora.xtec.cat\/ceip-pins\/wp-content\/uploads\/usu1715\/2019\/02\/WhatsApp-Image-2019-02-20-at-11.47.51-200x150.jpeg 200w, https:\/\/agora.xtec.cat\/ceip-pins\/wp-content\/uploads\/usu1715\/2019\/02\/WhatsApp-Image-2019-02-20-at-11.47.51.jpeg 1600w\" sizes=\"auto, (max-width: 1024px) 100vw, 1024px\" \/><\/p>\n","protected":false},"excerpt":{"rendered":"<p>Aquest divendres 22 de febrer a la SALA de DANSA!!&hellip;  <a href=\"https:\/\/agora.xtec.cat\/ceip-pins\/afa\/les-mosques-del-pins\/\" title=\"Read Les \u201cmosques\u201d del PINS\">Llegeix m\u00e9s\u00bb<\/a><\/p>\n","protected":false},"author":4,"featured_media":4277,"comment_status":"closed","ping_status":"closed","sticky":false,"template":"","format":"standard","meta":{"_bbp_topic_count":0,"_bbp_reply_count":0,"_bbp_total_topic_count":0,"_bbp_total_reply_count":0,"_bbp_voice_count":0,"_bbp_anonymous_reply_count":0,"_bbp_topic_count_hidden":0,"_bbp_reply_count_hidden":0,"_bbp_forum_subforum_count":0,"footnotes":""},"categories":[7],"tags":[144],"class_list":["post-4260","post","type-post","status-publish","format-standard","has-post-thumbnail","hentry","category-afa","tag-carnestoltes"],"post_mailing_queue_ids":[],"_links":{"self":[{"href":"https:\/\/agora.xtec.cat\/ceip-pins\/wp-json\/wp\/v2\/posts\/4260","targetHints":{"allow":["GET"]}}],"collection":[{"href":"https:\/\/agora.xtec.cat\/ceip-pins\/wp-json\/wp\/v2\/posts"}],"about":[{"href":"https:\/\/agora.xtec.cat\/ceip-pins\/wp-json\/wp\/v2\/types\/post"}],"author":[{"embeddable":true,"href":"https:\/\/agora.xtec.cat\/ceip-pins\/wp-json\/wp\/v2\/users\/4"}],"replies":[{"embeddable":true,"href":"https:\/\/agora.xtec.cat\/ceip-pins\/wp-json\/wp\/v2\/comments?post=4260"}],"version-history":[{"count":2,"href":"https:\/\/agora.xtec.cat\/ceip-pins\/wp-json\/wp\/v2\/posts\/4260\/revisions"}],"predecessor-version":[{"id":4284,"href":"https:\/\/agora.xtec.cat\/ceip-pins\/wp-json\/wp\/v2\/posts\/4260\/revisions\/4284"}],"wp:featuredmedia":[{"embeddable":true,"href":"https:\/\/agora.xtec.cat\/ceip-pins\/wp-json\/wp\/v2\/media\/4277"}],"wp:attachment":[{"href":"https:\/\/agora.xtec.cat\/ceip-pins\/wp-json\/wp\/v2\/media?parent=4260"}],"wp:term":[{"taxonomy":"category","embeddable":true,"href":"https:\/\/agora.xtec.cat\/ceip-pins\/wp-json\/wp\/v2\/categories?post=4260"},{"taxonomy":"post_tag","embeddable":true,"href":"https:\/\/agora.xtec.cat\/ceip-pins\/wp-json\/wp\/v2\/tags?post=4260"}],"curies":[{"name":"wp","href":"https:\/\/api.w.org\/{rel}","templated":true}]}}