{"id":4175,"date":"2019-02-08T13:26:59","date_gmt":"2019-02-08T12:26:59","guid":{"rendered":"http:\/\/agora.xtec.cat\/ceip-pins\/?p=4175"},"modified":"2019-02-08T13:59:13","modified_gmt":"2019-02-08T12:59:13","slug":"xerrada-a-lescola","status":"publish","type":"post","link":"https:\/\/agora.xtec.cat\/ceip-pins\/afa\/xerrada-a-lescola\/","title":{"rendered":"XERRADA A L&#8217;ESCOLA"},"content":{"rendered":"<p><strong>Si la teva canalla viu connectada&#8230; aquesta xerrada al PINS t\u2019interessa<\/strong><\/p>\n<p>\u201cI si es passen tot el dia connectats, qu\u00e8?\u201d \u00e9s la xerrada de dimecres 20 de febrer\u00a0a les 9 del vespre al Pins del Vall\u00e8s.<\/p>\n<p>Jordi\u00a0 Bernabeu Farr\u00fas parlar\u00e0 de l&#8217;impacte de les tecnologies en la inf\u00e0ncia. \u00c9s psic\u00f2leg i educador a @sobredrogues i @sobrepantalles (Ajuntament de Granollers). Tamb\u00e9 \u00e9s especialista en atenci\u00f3 d&#8217;adolescents i joves per a la prevenci\u00f3 en el consum de drogues i usos 2.0 (internet, xarxes socials i d\u2019altres pantalles).<\/p>\n<p><strong>A qu\u00e8 esperes? Inscriu-te aqu\u00ed!<\/strong><\/p>\n<p><a href=\"https:\/\/goo.gl\/forms\/UGe3MDApmeq0a4x13\" target=\"_blank\" rel=\"noopener\">https:\/\/goo.gl\/forms\/UGe3MDApmeq0a4x13<\/a><\/p>\n<p>&nbsp;<\/p>\n<p><img loading=\"lazy\" decoding=\"async\" class=\"alignnone size-large wp-image-4198\" src=\"https:\/\/agora.xtec.cat\/ceip-pins\/wp-content\/uploads\/usu1715\/2019\/02\/WhatsApp-Image-2019-02-05-at-10.32.55-1024x581.jpeg\" alt=\"\" width=\"1024\" height=\"581\" srcset=\"https:\/\/agora.xtec.cat\/ceip-pins\/wp-content\/uploads\/usu1715\/2019\/02\/WhatsApp-Image-2019-02-05-at-10.32.55-1024x581.jpeg 1024w, https:\/\/agora.xtec.cat\/ceip-pins\/wp-content\/uploads\/usu1715\/2019\/02\/WhatsApp-Image-2019-02-05-at-10.32.55-300x170.jpeg 300w, https:\/\/agora.xtec.cat\/ceip-pins\/wp-content\/uploads\/usu1715\/2019\/02\/WhatsApp-Image-2019-02-05-at-10.32.55-768x436.jpeg 768w, https:\/\/agora.xtec.cat\/ceip-pins\/wp-content\/uploads\/usu1715\/2019\/02\/WhatsApp-Image-2019-02-05-at-10.32.55.jpeg 1326w\" sizes=\"auto, (max-width: 1024px) 100vw, 1024px\" \/><\/p>\n","protected":false},"excerpt":{"rendered":"<p>Inscriu-te aqu\u00ed!&hellip;  <a href=\"https:\/\/agora.xtec.cat\/ceip-pins\/afa\/xerrada-a-lescola\/\" title=\"Read XERRADA A L&#8217;ESCOLA\">Llegeix m\u00e9s\u00bb<\/a><\/p>\n","protected":false},"author":4,"featured_media":4198,"comment_status":"closed","ping_status":"closed","sticky":false,"template":"","format":"standard","meta":{"_bbp_topic_count":0,"_bbp_reply_count":0,"_bbp_total_topic_count":0,"_bbp_total_reply_count":0,"_bbp_voice_count":0,"_bbp_anonymous_reply_count":0,"_bbp_topic_count_hidden":0,"_bbp_reply_count_hidden":0,"_bbp_forum_subforum_count":0,"footnotes":""},"categories":[7],"tags":[155,157],"class_list":["post-4175","post","type-post","status-publish","format-standard","has-post-thumbnail","hentry","category-afa","tag-activitats-mares-i-pares","tag-xerrada"],"post_mailing_queue_ids":[],"_links":{"self":[{"href":"https:\/\/agora.xtec.cat\/ceip-pins\/wp-json\/wp\/v2\/posts\/4175","targetHints":{"allow":["GET"]}}],"collection":[{"href":"https:\/\/agora.xtec.cat\/ceip-pins\/wp-json\/wp\/v2\/posts"}],"about":[{"href":"https:\/\/agora.xtec.cat\/ceip-pins\/wp-json\/wp\/v2\/types\/post"}],"author":[{"embeddable":true,"href":"https:\/\/agora.xtec.cat\/ceip-pins\/wp-json\/wp\/v2\/users\/4"}],"replies":[{"embeddable":true,"href":"https:\/\/agora.xtec.cat\/ceip-pins\/wp-json\/wp\/v2\/comments?post=4175"}],"version-history":[{"count":3,"href":"https:\/\/agora.xtec.cat\/ceip-pins\/wp-json\/wp\/v2\/posts\/4175\/revisions"}],"predecessor-version":[{"id":4201,"href":"https:\/\/agora.xtec.cat\/ceip-pins\/wp-json\/wp\/v2\/posts\/4175\/revisions\/4201"}],"wp:featuredmedia":[{"embeddable":true,"href":"https:\/\/agora.xtec.cat\/ceip-pins\/wp-json\/wp\/v2\/media\/4198"}],"wp:attachment":[{"href":"https:\/\/agora.xtec.cat\/ceip-pins\/wp-json\/wp\/v2\/media?parent=4175"}],"wp:term":[{"taxonomy":"category","embeddable":true,"href":"https:\/\/agora.xtec.cat\/ceip-pins\/wp-json\/wp\/v2\/categories?post=4175"},{"taxonomy":"post_tag","embeddable":true,"href":"https:\/\/agora.xtec.cat\/ceip-pins\/wp-json\/wp\/v2\/tags?post=4175"}],"curies":[{"name":"wp","href":"https:\/\/api.w.org\/{rel}","templated":true}]}}