{"id":3114,"date":"2018-06-18T20:22:11","date_gmt":"2018-06-18T18:22:11","guid":{"rendered":"http:\/\/agora.xtec.cat\/ceip-pins\/?p=3114"},"modified":"2018-06-19T00:02:54","modified_gmt":"2018-06-18T22:02:54","slug":"els-avions-projecte-a-p4","status":"publish","type":"post","link":"https:\/\/agora.xtec.cat\/ceip-pins\/portada\/els-avions-projecte-a-p4\/","title":{"rendered":"ELS AVIONS, PROJECTE A P4"},"content":{"rendered":"<p>Aqu\u00ed podeu veure el projecte que la\u00a0mainada de la classe hem decidit fer aquest any. En el v\u00eddeo queda reflectit el proc\u00e9s que hem seguit i tot all\u00f2 que hem treballat i apr\u00e8s! Hem fet propostes, hem decidit el projecte, hem parlat a veure qu\u00e8 en sab\u00edem, ens hem fet preguntes i pensat com respondre-les, hem fet d\u2019investigadors, hem mirat, hem fet converses, entrevistes, jugat, experimentat i al final hem resp\u00f2s les preguntes i hem apr\u00e8s molt\u00edssimes coses&#8230;per\u00f2 per sobre de tot ens ho hem passat d\u2019all\u00f2 m\u00e9s b\u00e9!!! Gr\u00e0cies a tots els que ens han ajudat a fer-ho possible!!!<\/p>\n<p>La classe del mar, ara experts en els avions que van pels camins del cel.<\/p>\n<p><iframe loading=\"lazy\" src=\"\/\/www.youtube.com\/embed\/wI8hOY4Vp2o\" width=\"560\" height=\"314\"><\/iframe><\/p>\n","protected":false},"excerpt":{"rendered":"<p>Aqu\u00ed podeu veure el projecte que la\u00a0mainada de la classe hem decidit fer aquest any. En el v\u00eddeo queda reflectit el proc\u00e9s que hem seguit i tot all\u00f2 que hem treballat i apr\u00e8s! Hem fet propostes, hem decidit el projecte, hem parlat a veure qu\u00e8&hellip;  <a href=\"https:\/\/agora.xtec.cat\/ceip-pins\/portada\/els-avions-projecte-a-p4\/\" title=\"Read ELS AVIONS, PROJECTE A P4\">Llegeix m\u00e9s\u00bb<\/a><\/p>\n","protected":false},"author":5,"featured_media":3127,"comment_status":"closed","ping_status":"closed","sticky":false,"template":"","format":"standard","meta":{"_bbp_topic_count":0,"_bbp_reply_count":0,"_bbp_total_topic_count":0,"_bbp_total_reply_count":0,"_bbp_voice_count":0,"_bbp_anonymous_reply_count":0,"_bbp_topic_count_hidden":0,"_bbp_reply_count_hidden":0,"_bbp_forum_subforum_count":0,"footnotes":""},"categories":[4,8],"tags":[268,209,101],"class_list":["post-3114","post","type-post","status-publish","format-standard","has-post-thumbnail","hentry","category-portada","category-p4","tag-avions","tag-classe-del-mar","tag-projecte"],"post_mailing_queue_ids":[],"_links":{"self":[{"href":"https:\/\/agora.xtec.cat\/ceip-pins\/wp-json\/wp\/v2\/posts\/3114","targetHints":{"allow":["GET"]}}],"collection":[{"href":"https:\/\/agora.xtec.cat\/ceip-pins\/wp-json\/wp\/v2\/posts"}],"about":[{"href":"https:\/\/agora.xtec.cat\/ceip-pins\/wp-json\/wp\/v2\/types\/post"}],"author":[{"embeddable":true,"href":"https:\/\/agora.xtec.cat\/ceip-pins\/wp-json\/wp\/v2\/users\/5"}],"replies":[{"embeddable":true,"href":"https:\/\/agora.xtec.cat\/ceip-pins\/wp-json\/wp\/v2\/comments?post=3114"}],"version-history":[{"count":3,"href":"https:\/\/agora.xtec.cat\/ceip-pins\/wp-json\/wp\/v2\/posts\/3114\/revisions"}],"predecessor-version":[{"id":3128,"href":"https:\/\/agora.xtec.cat\/ceip-pins\/wp-json\/wp\/v2\/posts\/3114\/revisions\/3128"}],"wp:featuredmedia":[{"embeddable":true,"href":"https:\/\/agora.xtec.cat\/ceip-pins\/wp-json\/wp\/v2\/media\/3127"}],"wp:attachment":[{"href":"https:\/\/agora.xtec.cat\/ceip-pins\/wp-json\/wp\/v2\/media?parent=3114"}],"wp:term":[{"taxonomy":"category","embeddable":true,"href":"https:\/\/agora.xtec.cat\/ceip-pins\/wp-json\/wp\/v2\/categories?post=3114"},{"taxonomy":"post_tag","embeddable":true,"href":"https:\/\/agora.xtec.cat\/ceip-pins\/wp-json\/wp\/v2\/tags?post=3114"}],"curies":[{"name":"wp","href":"https:\/\/api.w.org\/{rel}","templated":true}]}}