{"id":2849,"date":"2018-06-07T19:24:36","date_gmt":"2018-06-07T17:24:36","guid":{"rendered":"http:\/\/agora.xtec.cat\/ceip-pins\/?p=2849"},"modified":"2018-06-08T13:36:24","modified_gmt":"2018-06-08T11:36:24","slug":"el-pins-a-els-balls-de-la-placa-del-monestir","status":"publish","type":"post","link":"https:\/\/agora.xtec.cat\/ceip-pins\/afa\/el-pins-a-els-balls-de-la-placa-del-monestir\/","title":{"rendered":"El Pins a&#8230; els balls de la pla\u00e7a del Monestir"},"content":{"rendered":"<p class=\"m_2127203377452039477gmail-m_-7288394392139453908MsoNormalCxSpMiddle\"><b>El Pins dansa a la pla\u00e7a del Monestir<u><\/u><u><\/u><\/b><\/p>\n<p class=\"m_2127203377452039477gmail-m_-7288394392139453908MsoNormalCxSpMiddle\">Dissabte, dins el marc de la Nit blanca, nenes i nens de l&#8217;extraescolar de Dansa del Pins\u00a0van pujar dalt l&#8217;escenari de la pla\u00e7a d&#8217;Octavi\u00e0. Va ser una presentaci\u00f3 de la feina del curs en l&#8217;esdeveniment dansaire que organitza l&#8217;Andan\u00e7a de l&#8217;<b>Esbart Sant Cugat<\/b>.<\/p>\n<p class=\"m_2127203377452039477gmail-m_-7288394392139453908MsoNormalCxSpMiddle\"><img loading=\"lazy\" decoding=\"async\" class=\"alignnone wp-image-2858\" src=\"http:\/\/agora.xtec.cat\/ceip-pins\/wp-content\/uploads\/usu1715\/2018\/06\/IMG-20180606-WA0006-1024x768.jpg\" alt=\"\" width=\"700\" height=\"525\" srcset=\"https:\/\/agora.xtec.cat\/ceip-pins\/wp-content\/uploads\/usu1715\/2018\/06\/IMG-20180606-WA0006-1024x768.jpg 1024w, https:\/\/agora.xtec.cat\/ceip-pins\/wp-content\/uploads\/usu1715\/2018\/06\/IMG-20180606-WA0006-300x225.jpg 300w, https:\/\/agora.xtec.cat\/ceip-pins\/wp-content\/uploads\/usu1715\/2018\/06\/IMG-20180606-WA0006-768x576.jpg 768w, https:\/\/agora.xtec.cat\/ceip-pins\/wp-content\/uploads\/usu1715\/2018\/06\/IMG-20180606-WA0006-200x150.jpg 200w, https:\/\/agora.xtec.cat\/ceip-pins\/wp-content\/uploads\/usu1715\/2018\/06\/IMG-20180606-WA0006.jpg 1600w\" sizes=\"auto, (max-width: 700px) 100vw, 700px\" \/><\/p>\n<p class=\"m_2127203377452039477gmail-m_-7288394392139453908MsoNormalCxSpMiddle\"><img loading=\"lazy\" decoding=\"async\" class=\"alignnone wp-image-2860\" src=\"http:\/\/agora.xtec.cat\/ceip-pins\/wp-content\/uploads\/usu1715\/2018\/06\/IMG-20180606-WA0005-1024x768.jpg\" alt=\"\" width=\"700\" height=\"525\" srcset=\"https:\/\/agora.xtec.cat\/ceip-pins\/wp-content\/uploads\/usu1715\/2018\/06\/IMG-20180606-WA0005-1024x768.jpg 1024w, https:\/\/agora.xtec.cat\/ceip-pins\/wp-content\/uploads\/usu1715\/2018\/06\/IMG-20180606-WA0005-300x225.jpg 300w, https:\/\/agora.xtec.cat\/ceip-pins\/wp-content\/uploads\/usu1715\/2018\/06\/IMG-20180606-WA0005-768x576.jpg 768w, https:\/\/agora.xtec.cat\/ceip-pins\/wp-content\/uploads\/usu1715\/2018\/06\/IMG-20180606-WA0005-200x150.jpg 200w, https:\/\/agora.xtec.cat\/ceip-pins\/wp-content\/uploads\/usu1715\/2018\/06\/IMG-20180606-WA0005.jpg 1600w\" sizes=\"auto, (max-width: 700px) 100vw, 700px\" \/><\/p>\n","protected":false},"excerpt":{"rendered":"<p>Les nenes i nens de l&#8217;extraescolar de Dansa del Pins van pujar dalt l&#8217;escenari de la pla\u00e7a d&#8217;Octavi\u00e0&hellip;  <a href=\"https:\/\/agora.xtec.cat\/ceip-pins\/afa\/el-pins-a-els-balls-de-la-placa-del-monestir\/\" title=\"Read El Pins a&#8230; els balls de la pla\u00e7a del Monestir\">Llegeix m\u00e9s\u00bb<\/a><\/p>\n","protected":false},"author":4,"featured_media":2858,"comment_status":"closed","ping_status":"closed","sticky":false,"template":"","format":"standard","meta":{"_bbp_topic_count":0,"_bbp_reply_count":0,"_bbp_total_topic_count":0,"_bbp_total_reply_count":0,"_bbp_voice_count":0,"_bbp_anonymous_reply_count":0,"_bbp_topic_count_hidden":0,"_bbp_reply_count_hidden":0,"_bbp_forum_subforum_count":0,"footnotes":""},"categories":[7],"tags":[251,171,164],"class_list":["post-2849","post","type-post","status-publish","format-standard","has-post-thumbnail","hentry","category-afa","tag-dansa","tag-el-pins-a","tag-extraescolars"],"post_mailing_queue_ids":[],"_links":{"self":[{"href":"https:\/\/agora.xtec.cat\/ceip-pins\/wp-json\/wp\/v2\/posts\/2849","targetHints":{"allow":["GET"]}}],"collection":[{"href":"https:\/\/agora.xtec.cat\/ceip-pins\/wp-json\/wp\/v2\/posts"}],"about":[{"href":"https:\/\/agora.xtec.cat\/ceip-pins\/wp-json\/wp\/v2\/types\/post"}],"author":[{"embeddable":true,"href":"https:\/\/agora.xtec.cat\/ceip-pins\/wp-json\/wp\/v2\/users\/4"}],"replies":[{"embeddable":true,"href":"https:\/\/agora.xtec.cat\/ceip-pins\/wp-json\/wp\/v2\/comments?post=2849"}],"version-history":[{"count":3,"href":"https:\/\/agora.xtec.cat\/ceip-pins\/wp-json\/wp\/v2\/posts\/2849\/revisions"}],"predecessor-version":[{"id":2889,"href":"https:\/\/agora.xtec.cat\/ceip-pins\/wp-json\/wp\/v2\/posts\/2849\/revisions\/2889"}],"wp:featuredmedia":[{"embeddable":true,"href":"https:\/\/agora.xtec.cat\/ceip-pins\/wp-json\/wp\/v2\/media\/2858"}],"wp:attachment":[{"href":"https:\/\/agora.xtec.cat\/ceip-pins\/wp-json\/wp\/v2\/media?parent=2849"}],"wp:term":[{"taxonomy":"category","embeddable":true,"href":"https:\/\/agora.xtec.cat\/ceip-pins\/wp-json\/wp\/v2\/categories?post=2849"},{"taxonomy":"post_tag","embeddable":true,"href":"https:\/\/agora.xtec.cat\/ceip-pins\/wp-json\/wp\/v2\/tags?post=2849"}],"curies":[{"name":"wp","href":"https:\/\/api.w.org\/{rel}","templated":true}]}}