{"id":2199,"date":"2018-04-05T11:46:50","date_gmt":"2018-04-05T09:46:50","guid":{"rendered":"http:\/\/agora.xtec.cat\/ceip-pins\/?p=2199"},"modified":"2018-04-05T11:46:50","modified_gmt":"2018-04-05T09:46:50","slug":"matricula","status":"publish","type":"post","link":"https:\/\/agora.xtec.cat\/ceip-pins\/general\/matricula\/","title":{"rendered":"MATR\u00cdCULA"},"content":{"rendered":"<p>Els alumnes admesos han de formalitzar la matr\u00edcula en les dates que es detallen en el\u00a0<a title=\"calendari\" href=\"http:\/\/queestudiar.gencat.cat\/ca\/preinscripcio\/estudis\/obligatoris\/calendari\/\" target=\"_blank\" rel=\"noopener noreferrer\" data-saferedirecturl=\"https:\/\/www.google.com\/url?hl=ca&amp;q=http:\/\/queestudiar.gencat.cat\/ca\/preinscripcio\/estudis\/obligatoris\/calendari\/&amp;source=gmail&amp;ust=1523006843744000&amp;usg=AFQjCNFeiIfzUsmLz1PDZnr6sOhmmExEeA\">calendari<\/a>. Els alumnes que no ho fan en el per\u00edode establert es considera que renuncien a la pla\u00e7a adjudicada, llevat que sigui per causes justificades.<\/p>\n<p>A m\u00e9s de la documentaci\u00f3 aportada amb la sol\u00b7licitud de preinscripci\u00f3, per matricular-se cal presentar:<\/p>\n<ol>\n<li>Una fotoc\u00f2pia del\u00a0<strong>carnet de vacunacions<\/strong>\u00a0on constin les dosis de vacunes rebudes i les dates corresponents.<br \/>\n&#8211; Si no es t\u00e9 carnet de vacunacions cal presentar un certificat m\u00e8dic oficial o el carnet de salut amb les dosis de vacuna rebudes i les dates corresponents.<br \/>\n&#8211; Si el nen o la nena no han estat vacunats per indicaci\u00f3 m\u00e8dica o per altres circumst\u00e0ncies, cal presentar un certificat m\u00e8dic oficial justificatiu.<\/li>\n<li>Quan el domicili al\u00b7legat a la sol\u00b7licitud de preinscripci\u00f3 no coincideixi amb el domicili del DNI cal presentar\u00a0<strong>el DNI renovat<\/strong>\u00a0amb la nova adre\u00e7a.<\/li>\n<\/ol>\n<p>Si en formalitzar la matr\u00edcula, el o la sol\u00b7licitant no al\u00b7lega el mateix domicili que el de la sol\u00b7licitud de preinscripci\u00f3, amb el qual hauria obtingut una puntuaci\u00f3 inferior, el centre ha d&#8217;informar d&#8217;aquest fet a la comissi\u00f3 de garanties d&#8217;admissi\u00f3 corresponent perqu\u00e8 pugui investigar si hi ha hagut o no frau en el proc\u00e9s de preinscripci\u00f3.<\/p>\n<p>La falsedat o el frau en les dades al\u00b7legades o en la documentaci\u00f3 aportada comporta la invalidaci\u00f3 dels drets de prioritat i fins i tot, si escau, la p\u00e8rdua de la pla\u00e7a assignada. El Departament d&#8217;Ensenyament comunica a l&#8217;autoritat competent el fet perqu\u00e8 aquesta adopti les mesures oportunes en relaci\u00f3 amb la responsabilitat que correspongui, tant al sol\u00b7licitant com a la persona que hagi em\u00e8s la documentaci\u00f3 acreditativa.<\/p>\n<p>Als alumnes que compleixen els requisits acad\u00e8mics en el moment de la matr\u00edcula per\u00f2 que per causes justificades no poden aportar la documentaci\u00f3 acreditativa corresponent, se&#8217;ls matricula condicionalment.<\/p>\n<p>Els alumnes d&#8217;educaci\u00f3 secund\u00e0ria obligat\u00f2ria que tenen pla\u00e7a assignada i estan pendents dels resultats de l&#8217;avaluaci\u00f3 de setembre, durant el per\u00edode de matr\u00edcula han de confirmar la seva voluntat de mantenir la pla\u00e7a al centre assignat. Un cop feta l&#8217;avaluaci\u00f3, els alumnes que reuneixen els requisits acad\u00e8mics per matricular-se, ho han de fer durant el\u00a0<strong>per\u00edode extraordinari de matr\u00edcula<\/strong>\u00a0de setembre o perden la pla\u00e7a assignada.<\/p>\n<p>&nbsp;<\/p>\n","protected":false},"excerpt":{"rendered":"<p>Els alumnes admesos han de formalitzar la matr\u00edcula en les dates que es detallen en el\u00a0<a title=\"calendari\" href=\"http:\/\/queestudiar.gencat.cat\/ca\/preinscripcio\/estudis\/obligatoris\/calendari\/\" target=\"_blank\" rel=\"noopener noreferrer\" data-saferedirecturl=\"https:\/\/www.google.com\/url?hl=ca&amp;q=http:\/\/queestudiar.gencat.cat\/ca\/preinscripcio\/estudis\/obligatoris\/calendari\/&amp;source=gmail&amp;ust=1523006843744000&amp;usg=AFQjCNFeiIfzUsmLz1PDZnr6sOhmmExEeA\">calendari<\/a>. Els alumnes que no ho fan en el per\u00edode establert es considera que renuncien a la pla\u00e7a adjudicada, llevat que sigui per causes&hellip;  <a href=\"https:\/\/agora.xtec.cat\/ceip-pins\/general\/matricula\/\" title=\"Read MATR\u00cdCULA\">Llegeix m\u00e9s\u00bb<\/a><\/p>\n","protected":false},"author":7,"featured_media":0,"comment_status":"closed","ping_status":"closed","sticky":false,"template":"","format":"standard","meta":{"_bbp_topic_count":0,"_bbp_reply_count":0,"_bbp_total_topic_count":0,"_bbp_total_reply_count":0,"_bbp_voice_count":0,"_bbp_anonymous_reply_count":0,"_bbp_topic_count_hidden":0,"_bbp_reply_count_hidden":0,"_bbp_forum_subforum_count":0,"footnotes":""},"categories":[1],"tags":[],"class_list":["post-2199","post","type-post","status-publish","format-standard","hentry","category-general"],"post_mailing_queue_ids":[],"_links":{"self":[{"href":"https:\/\/agora.xtec.cat\/ceip-pins\/wp-json\/wp\/v2\/posts\/2199","targetHints":{"allow":["GET"]}}],"collection":[{"href":"https:\/\/agora.xtec.cat\/ceip-pins\/wp-json\/wp\/v2\/posts"}],"about":[{"href":"https:\/\/agora.xtec.cat\/ceip-pins\/wp-json\/wp\/v2\/types\/post"}],"author":[{"embeddable":true,"href":"https:\/\/agora.xtec.cat\/ceip-pins\/wp-json\/wp\/v2\/users\/7"}],"replies":[{"embeddable":true,"href":"https:\/\/agora.xtec.cat\/ceip-pins\/wp-json\/wp\/v2\/comments?post=2199"}],"version-history":[{"count":1,"href":"https:\/\/agora.xtec.cat\/ceip-pins\/wp-json\/wp\/v2\/posts\/2199\/revisions"}],"predecessor-version":[{"id":2200,"href":"https:\/\/agora.xtec.cat\/ceip-pins\/wp-json\/wp\/v2\/posts\/2199\/revisions\/2200"}],"wp:attachment":[{"href":"https:\/\/agora.xtec.cat\/ceip-pins\/wp-json\/wp\/v2\/media?parent=2199"}],"wp:term":[{"taxonomy":"category","embeddable":true,"href":"https:\/\/agora.xtec.cat\/ceip-pins\/wp-json\/wp\/v2\/categories?post=2199"},{"taxonomy":"post_tag","embeddable":true,"href":"https:\/\/agora.xtec.cat\/ceip-pins\/wp-json\/wp\/v2\/tags?post=2199"}],"curies":[{"name":"wp","href":"https:\/\/api.w.org\/{rel}","templated":true}]}}