{"id":2192,"date":"2018-04-05T11:37:32","date_gmt":"2018-04-05T09:37:32","guid":{"rendered":"http:\/\/agora.xtec.cat\/ceip-pins\/?p=2192"},"modified":"2018-04-05T11:37:32","modified_gmt":"2018-04-05T09:37:32","slug":"calendari","status":"publish","type":"post","link":"https:\/\/agora.xtec.cat\/ceip-pins\/general\/calendari\/","title":{"rendered":"CALENDARI"},"content":{"rendered":"<div class=\"gmail_default\"><\/div>\n<div class=\"gmail_default\"><\/div>\n<div class=\"gmail_default\">\n<div class=\"m_-5923932842079860372gmail-FW_sPregunta m_-5923932842079860372gmail-FW_sImpacte\">\n<h4 id=\"m_-5923932842079860372gmail-FW_bloc_5ff9132d-55e8-11e4-aafa-000c29f68999_1\" class=\"m_-5923932842079860372gmail-FW_ancora\">Preinscripci\u00f3<\/h4>\n<div class=\"m_-5923932842079860372gmail-FW_sArticleFoto\">\n<div class=\"m_-5923932842079860372gmail-FW_sEditPro\">\n<ul>\n<li>Oferta inicial de places escolars: 9 d&#8217;abril de 2018<\/li>\n<li>Presentaci\u00f3 de la\u00a0sol\u00b7licitud al centre:\u00a0<strong>del\u00a013 al 24\u00a0d&#8217;abril\u00a0de 2018<\/strong><\/li>\n<li>Presentaci\u00f3 de la documentaci\u00f3 al centre: fins al 25 d&#8217;abril de 2018<\/li>\n<li>Llista de sol\u00b7licituds amb la puntuaci\u00f3 provisional: 3 de maig de 2018<\/li>\n<li>Termini per presentar reclamacions, si cal,\u00a0a la puntuaci\u00f3 provisional: del 4 al 8 de maig de 2018<\/li>\n<li>Llista de sol\u00b7licituds amb la puntuaci\u00f3 un cop resoltes les reclamacions: 10 de maig de 2018<\/li>\n<li>Sorteig del n\u00famero de desempat: 11 de maig de 2018 a les 11 h als serveis centrals del\u00a0Departament d&#8217;Ensenyament:\u00a0<a href=\"https:\/\/maps.google.com\/?q=Via+Augusta,+202,+Barcelona&amp;entry=gmail&amp;source=g\">Via Augusta, 202, Barcelona<\/a><\/li>\n<li>Llista ordenada definitiva: 15 de maig de 2018<\/li>\n<li>Per\u00edode d&#8217;ampliaci\u00f3 de petici\u00f3 de centres per a les sol\u00b7licituds que no han obtingut cap assignaci\u00f3 (assignaci\u00f3 d&#8217;ofici): del 31 de maig al 4 de juny de 2018<\/li>\n<li>Oferta final de places escolars: 11 de juny de 2018<\/li>\n<li>Llistes d&#8217;alumnes admesos (i\u00a0llistes d&#8217;espera, si n&#8217;hi ha): 12 de juny\u00a0de 2018<\/li>\n<\/ul>\n<\/div>\n<\/div>\n<div class=\"m_-5923932842079860372gmail-FW_clear m_-5923932842079860372gmail-FW_hrBlanc\"><\/div>\n<\/div>\n<div class=\"m_-5923932842079860372gmail-FW_sTitolFons\"><\/div>\n<div class=\"m_-5923932842079860372gmail-FW_sPregunta m_-5923932842079860372gmail-FW_sImpacte\">\n<h4 id=\"m_-5923932842079860372gmail-FW_bloc_5ff9132d-55e8-11e4-aafa-000c29f68999_2\" class=\"m_-5923932842079860372gmail-FW_ancora\">Matr\u00edcula<\/h4>\n<div class=\"m_-5923932842079860372gmail-FW_sArticleFoto\">\n<div class=\"m_-5923932842079860372gmail-FW_sEditPro\">\n<ul>\n<li>Alumnes preinscrits amb pla\u00e7a assignada a segon cicle d&#8217;educaci\u00f3 infantil, educaci\u00f3 prim\u00e0ria i primer curs d&#8217;ESO:\u00a0<strong>del\u00a021 al 27 de juny de 2018<\/strong><\/li>\n<li>Alumnes preinscrits amb pla\u00e7a assignada a 2n, 3r i 4t d&#8217;ESO (i confirmaci\u00f3 de pla\u00e7a assignada per als alumnes pendents de l&#8217;avaluaci\u00f3 de setembre): del 25 al 29 de juny de 2018<\/li>\n<li>Alumnes d&#8217;ESO pendents de l&#8217;avaluaci\u00f3 de setembre: del 5 al 7 de setembre de 2018<\/li>\n<\/ul>\n<p>&nbsp;<\/p>\n<p>La llista d&#8217;alumnes matriculats al centre procedents del\u00a0proc\u00e9s de preinscripci\u00f3 i admissi\u00f3 es publica l&#8217;1 d&#8217;octubre de 2018.<\/p>\n<\/div>\n<\/div>\n<\/div>\n<\/div>\n","protected":false},"excerpt":{"rendered":"<p>Preinscripci\u00f3<\/p>\n<ul>\n<li>Oferta inicial de places escolars: 9 d&#8217;abril de 2018<\/li>\n<li>Presentaci\u00f3 de la\u00a0sol\u00b7licitud al centre:\u00a0del\u00a013 al 24\u00a0d&#8217;abril\u00a0de 2018<\/li>\n<li>Presentaci\u00f3 de la documentaci\u00f3 al centre: fins al 25 d&#8217;abril de 2018<\/li>\n<li>Llista de sol\u00b7licituds amb la puntuaci\u00f3 provisional: 3 de maig de 2018<\/li>\n<li>Termini per presentar reclamacions, si cal,\u00a0a la puntuaci\u00f3&hellip;  <a href=\"https:\/\/agora.xtec.cat\/ceip-pins\/general\/calendari\/\" title=\"Read CALENDARI\">Llegeix m\u00e9s\u00bb<\/a><br \/>\n","protected":false},"author":7,"featured_media":0,"comment_status":"closed","ping_status":"closed","sticky":false,"template":"","format":"standard","meta":{"_bbp_topic_count":0,"_bbp_reply_count":0,"_bbp_total_topic_count":0,"_bbp_total_reply_count":0,"_bbp_voice_count":0,"_bbp_anonymous_reply_count":0,"_bbp_topic_count_hidden":0,"_bbp_reply_count_hidden":0,"_bbp_forum_subforum_count":0,"footnotes":""},"categories":[1],"tags":[],"class_list":["post-2192","post","type-post","status-publish","format-standard","hentry","category-general"],"post_mailing_queue_ids":[],"_links":{"self":[{"href":"https:\/\/agora.xtec.cat\/ceip-pins\/wp-json\/wp\/v2\/posts\/2192","targetHints":{"allow":["GET"]}}],"collection":[{"href":"https:\/\/agora.xtec.cat\/ceip-pins\/wp-json\/wp\/v2\/posts"}],"about":[{"href":"https:\/\/agora.xtec.cat\/ceip-pins\/wp-json\/wp\/v2\/types\/post"}],"author":[{"embeddable":true,"href":"https:\/\/agora.xtec.cat\/ceip-pins\/wp-json\/wp\/v2\/users\/7"}],"replies":[{"embeddable":true,"href":"https:\/\/agora.xtec.cat\/ceip-pins\/wp-json\/wp\/v2\/comments?post=2192"}],"version-history":[{"count":1,"href":"https:\/\/agora.xtec.cat\/ceip-pins\/wp-json\/wp\/v2\/posts\/2192\/revisions"}],"predecessor-version":[{"id":2193,"href":"https:\/\/agora.xtec.cat\/ceip-pins\/wp-json\/wp\/v2\/posts\/2192\/revisions\/2193"}],"wp:attachment":[{"href":"https:\/\/agora.xtec.cat\/ceip-pins\/wp-json\/wp\/v2\/media?parent=2192"}],"wp:term":[{"taxonomy":"category","embeddable":true,"href":"https:\/\/agora.xtec.cat\/ceip-pins\/wp-json\/wp\/v2\/categories?post=2192"},{"taxonomy":"post_tag","embeddable":true,"href":"https:\/\/agora.xtec.cat\/ceip-pins\/wp-json\/wp\/v2\/tags?post=2192"}],"curies":[{"name":"wp","href":"https:\/\/api.w.org\/{rel}","templated":true}]}}