{"id":2130,"date":"2018-03-16T10:23:17","date_gmt":"2018-03-16T09:23:17","guid":{"rendered":"http:\/\/agora.xtec.cat\/ceip-pins\/?p=2130"},"modified":"2018-03-16T10:23:17","modified_gmt":"2018-03-16T09:23:17","slug":"el-pins-a-la-60a-marxa-infantil","status":"publish","type":"post","link":"https:\/\/agora.xtec.cat\/ceip-pins\/afa\/el-pins-a-la-60a-marxa-infantil\/","title":{"rendered":"El Pins a&#8230; la 60a Marxa Infantil"},"content":{"rendered":"<p><a href=\"http:\/\/agora.xtec.cat\/ceip-pins\/wp-content\/uploads\/usu1715\/2018\/03\/image003.jpg\"><img loading=\"lazy\" decoding=\"async\" class=\"size-full wp-image-2131 alignright\" src=\"http:\/\/agora.xtec.cat\/ceip-pins\/wp-content\/uploads\/usu1715\/2018\/03\/image003.jpg\" alt=\"\" width=\"374\" height=\"160\" srcset=\"https:\/\/agora.xtec.cat\/ceip-pins\/wp-content\/uploads\/usu1715\/2018\/03\/image003.jpg 374w, https:\/\/agora.xtec.cat\/ceip-pins\/wp-content\/uploads\/usu1715\/2018\/03\/image003-300x128.jpg 300w\" sizes=\"auto, (max-width: 374px) 100vw, 374px\" \/><\/a>Encara sou a temps per apuntar-vos a la 60a Marxa Infantil que tindr\u00e0 lloc el diumenge 8 d&#8217;abril. A la nostra escola ja som <strong>43 parelles inscrites!<\/strong><\/p>\n<p>Recordeu que avui \u00e9s l&#8217;\u00faltim dia que podeu portar el resguard on surt el n\u00famero de refer\u00e8ncia de la inscripci\u00f3 (fent la inscripci\u00f3 a www.marxainfantil.cat) al despatx de Paidos i s\u2019encarregaran d&#8217;anar a buscar els dorsals amb el xip i les samarretes i fer-ho arribar als vostres fills i filles.<\/p>\n<p>Animeu-vos a participar-hi!<\/p>\n<p>&nbsp;<\/p>\n<p>&nbsp;<\/p>\n","protected":false},"excerpt":{"rendered":"<p>Animeu-vos-hi! &hellip;  <a href=\"https:\/\/agora.xtec.cat\/ceip-pins\/afa\/el-pins-a-la-60a-marxa-infantil\/\" title=\"Read El Pins a&#8230; la 60a Marxa Infantil\">Llegeix m\u00e9s\u00bb<\/a><\/p>\n","protected":false},"author":4,"featured_media":2131,"comment_status":"closed","ping_status":"closed","sticky":false,"template":"","format":"standard","meta":{"_bbp_topic_count":0,"_bbp_reply_count":0,"_bbp_total_topic_count":0,"_bbp_total_reply_count":0,"_bbp_voice_count":0,"_bbp_anonymous_reply_count":0,"_bbp_topic_count_hidden":0,"_bbp_reply_count_hidden":0,"_bbp_forum_subforum_count":0,"footnotes":""},"categories":[7],"tags":[175],"class_list":["post-2130","post","type-post","status-publish","format-standard","has-post-thumbnail","hentry","category-afa","tag-marxa-infantil"],"post_mailing_queue_ids":[],"_links":{"self":[{"href":"https:\/\/agora.xtec.cat\/ceip-pins\/wp-json\/wp\/v2\/posts\/2130","targetHints":{"allow":["GET"]}}],"collection":[{"href":"https:\/\/agora.xtec.cat\/ceip-pins\/wp-json\/wp\/v2\/posts"}],"about":[{"href":"https:\/\/agora.xtec.cat\/ceip-pins\/wp-json\/wp\/v2\/types\/post"}],"author":[{"embeddable":true,"href":"https:\/\/agora.xtec.cat\/ceip-pins\/wp-json\/wp\/v2\/users\/4"}],"replies":[{"embeddable":true,"href":"https:\/\/agora.xtec.cat\/ceip-pins\/wp-json\/wp\/v2\/comments?post=2130"}],"version-history":[{"count":1,"href":"https:\/\/agora.xtec.cat\/ceip-pins\/wp-json\/wp\/v2\/posts\/2130\/revisions"}],"predecessor-version":[{"id":2134,"href":"https:\/\/agora.xtec.cat\/ceip-pins\/wp-json\/wp\/v2\/posts\/2130\/revisions\/2134"}],"wp:featuredmedia":[{"embeddable":true,"href":"https:\/\/agora.xtec.cat\/ceip-pins\/wp-json\/wp\/v2\/media\/2131"}],"wp:attachment":[{"href":"https:\/\/agora.xtec.cat\/ceip-pins\/wp-json\/wp\/v2\/media?parent=2130"}],"wp:term":[{"taxonomy":"category","embeddable":true,"href":"https:\/\/agora.xtec.cat\/ceip-pins\/wp-json\/wp\/v2\/categories?post=2130"},{"taxonomy":"post_tag","embeddable":true,"href":"https:\/\/agora.xtec.cat\/ceip-pins\/wp-json\/wp\/v2\/tags?post=2130"}],"curies":[{"name":"wp","href":"https:\/\/api.w.org\/{rel}","templated":true}]}}