{"id":2096,"date":"2018-03-09T11:35:19","date_gmt":"2018-03-09T10:35:19","guid":{"rendered":"http:\/\/agora.xtec.cat\/ceip-pins\/?p=2096"},"modified":"2018-03-09T12:16:17","modified_gmt":"2018-03-09T11:16:17","slug":"felicitats-gala","status":"publish","type":"post","link":"https:\/\/agora.xtec.cat\/ceip-pins\/afa\/felicitats-gala\/","title":{"rendered":"Felicitats Gala!"},"content":{"rendered":"<p style=\"font-weight: 400;\"><a href=\"http:\/\/agora.xtec.cat\/ceip-pins\/wp-content\/uploads\/usu1715\/2018\/03\/cartell-marxa.png\"><img loading=\"lazy\" decoding=\"async\" class=\"size-full wp-image-2097 alignright\" src=\"http:\/\/agora.xtec.cat\/ceip-pins\/wp-content\/uploads\/usu1715\/2018\/03\/cartell-marxa.png\" alt=\"\" width=\"562\" height=\"809\" srcset=\"https:\/\/agora.xtec.cat\/ceip-pins\/wp-content\/uploads\/usu1715\/2018\/03\/cartell-marxa.png 562w, https:\/\/agora.xtec.cat\/ceip-pins\/wp-content\/uploads\/usu1715\/2018\/03\/cartell-marxa-208x300.png 208w\" sizes=\"auto, (max-width: 562px) 100vw, 562px\" \/><\/a><\/p>\n<p style=\"font-weight: 400;\">El cartell de la<strong> 60a Marxa Intantil<\/strong> de Sant Cugat l&#8217;ha fet la <strong>Gala Fuster<\/strong>, de 6\u00e8 B de la nostra escola!<\/p>\n<p style=\"font-weight: 400;\"><strong>Felicitats Gala!!<\/strong> Aquest any la Marxa ja t\u00e9 guanyadora del Pins abans de comen\u00e7ar!<\/p>\n<p style=\"font-weight: 400;\">El pr\u00f2xim\u00a0<strong>diumenge 8 d&#8217;abril<\/strong>\u00a0el Club Muntanyenc Sant Cugat organitza la\u00a0<strong>60a Marxa Infantil<\/strong>\u00a0del municipi. Es tracta d&#8217;una activitat esportiva adre\u00e7ada a nens i nenes de 2n a 6\u00e8 (nascuts del 2006 al 2010), que consisteix a realitzar un circuit de 10 km intentant portar un ritme el m\u00e9s regular possible.<\/p>\n<p style=\"font-weight: 400;\">El cost de la inscripci\u00f3 \u00e9s de\u00a0<strong>13,5\u202f\u20ac<\/strong>\u00a0per participant. Com \u00e9s habitual en els darrers anys, cada inscripci\u00f3 inclou una aportaci\u00f3 d&#8217;<strong>1 \u20ac solidari<\/strong>\u00a0per a l&#8217;associaci\u00f3 Grup TEA Sant Cugat -dedicada a la integraci\u00f3 en l&#8217;\u00e0mbit social dels infants TEA (Trastorn d&#8217;Espectre Autista).<\/p>\n<p style=\"font-weight: 400;\">Les inscripcions es faran per\u00a0<strong>PARELLES<\/strong>\u00a0entre el 2 i el 23 de mar\u00e7 (o fins a arribar a 1000 parelles). Les podeu fer a trav\u00e9s del web de l&#8217;organitzaci\u00f3:\u00a0<a href=\"http:\/\/marxainfantil.cat\/\" data-saferedirecturl=\"https:\/\/www.google.com\/url?hl=es&amp;q=http:\/\/marxainfantil.cat\/&amp;source=gmail&amp;ust=1520670199554000&amp;usg=AFQjCNHv7-3W1IZGjSoXlaBhxSSgJ0FTBQ\">www.marxainfantil.cat<\/a>\u00a0(en aquest mateix enlla\u00e7 podeu veure els dissenys finalistes del concurs de dibuixos).<\/p>\n<p style=\"font-weight: 400;\"><strong>IMPORTANT!<\/strong>\u00a0Si lliureu a la coordinaci\u00f3 de Paidos+Fundesplai el resguard on surt el n\u00famero de refer\u00e8ncia de la inscripci\u00f3 abans del dia\u00a0<strong>18 de mar\u00e7<\/strong>, ells s&#8217;encarregaran d&#8217;anar a buscar els dorsals amb el xip i les samarretes!<\/p>\n<p style=\"font-weight: 400;\"><strong>\u00c0nims a tots i a totes!\u00a0<\/strong><\/p>\n<p style=\"font-weight: 400;\">\n","protected":false},"excerpt":{"rendered":"<p>La Gala Fuster ha realitzat la imatge del cartell de la Marxa Infantil d&#8217;aquest any! &hellip;  <a href=\"https:\/\/agora.xtec.cat\/ceip-pins\/afa\/felicitats-gala\/\" title=\"Read Felicitats Gala!\">Llegeix m\u00e9s\u00bb<\/a><\/p>\n","protected":false},"author":4,"featured_media":2097,"comment_status":"closed","ping_status":"closed","sticky":false,"template":"","format":"standard","meta":{"_bbp_topic_count":0,"_bbp_reply_count":0,"_bbp_total_topic_count":0,"_bbp_total_reply_count":0,"_bbp_voice_count":0,"_bbp_anonymous_reply_count":0,"_bbp_topic_count_hidden":0,"_bbp_reply_count_hidden":0,"_bbp_forum_subforum_count":0,"footnotes":""},"categories":[7],"tags":[171,175],"class_list":["post-2096","post","type-post","status-publish","format-standard","has-post-thumbnail","hentry","category-afa","tag-el-pins-a","tag-marxa-infantil"],"post_mailing_queue_ids":[],"_links":{"self":[{"href":"https:\/\/agora.xtec.cat\/ceip-pins\/wp-json\/wp\/v2\/posts\/2096","targetHints":{"allow":["GET"]}}],"collection":[{"href":"https:\/\/agora.xtec.cat\/ceip-pins\/wp-json\/wp\/v2\/posts"}],"about":[{"href":"https:\/\/agora.xtec.cat\/ceip-pins\/wp-json\/wp\/v2\/types\/post"}],"author":[{"embeddable":true,"href":"https:\/\/agora.xtec.cat\/ceip-pins\/wp-json\/wp\/v2\/users\/4"}],"replies":[{"embeddable":true,"href":"https:\/\/agora.xtec.cat\/ceip-pins\/wp-json\/wp\/v2\/comments?post=2096"}],"version-history":[{"count":3,"href":"https:\/\/agora.xtec.cat\/ceip-pins\/wp-json\/wp\/v2\/posts\/2096\/revisions"}],"predecessor-version":[{"id":2103,"href":"https:\/\/agora.xtec.cat\/ceip-pins\/wp-json\/wp\/v2\/posts\/2096\/revisions\/2103"}],"wp:featuredmedia":[{"embeddable":true,"href":"https:\/\/agora.xtec.cat\/ceip-pins\/wp-json\/wp\/v2\/media\/2097"}],"wp:attachment":[{"href":"https:\/\/agora.xtec.cat\/ceip-pins\/wp-json\/wp\/v2\/media?parent=2096"}],"wp:term":[{"taxonomy":"category","embeddable":true,"href":"https:\/\/agora.xtec.cat\/ceip-pins\/wp-json\/wp\/v2\/categories?post=2096"},{"taxonomy":"post_tag","embeddable":true,"href":"https:\/\/agora.xtec.cat\/ceip-pins\/wp-json\/wp\/v2\/tags?post=2096"}],"curies":[{"name":"wp","href":"https:\/\/api.w.org\/{rel}","templated":true}]}}