{"id":2093,"date":"2018-03-09T10:39:11","date_gmt":"2018-03-09T09:39:11","guid":{"rendered":"http:\/\/agora.xtec.cat\/ceip-pins\/?p=2093"},"modified":"2018-03-09T11:57:21","modified_gmt":"2018-03-09T10:57:21","slug":"lautisme-com-mai-abans-lhavies-vist","status":"publish","type":"post","link":"https:\/\/agora.xtec.cat\/ceip-pins\/afa\/lautisme-com-mai-abans-lhavies-vist\/","title":{"rendered":"L\u2019Autisme com mai abans l\u2019havies vist"},"content":{"rendered":"<p><strong><em>Taller de\u00a0sensibilitzaci\u00f3 sobre el TEA, \u201cL\u2019Autisme com mai abans l\u2019havies vist\u201d\u00a0<img loading=\"lazy\" decoding=\"async\" class=\"alignnone wp-image-2094 size-medium alignright\" src=\"http:\/\/agora.xtec.cat\/ceip-pins\/wp-content\/uploads\/usu1715\/2018\/03\/logoTEA-264x300.jpg\" alt=\"\" width=\"264\" height=\"300\" srcset=\"https:\/\/agora.xtec.cat\/ceip-pins\/wp-content\/uploads\/usu1715\/2018\/03\/logoTEA-264x300.jpg 264w, https:\/\/agora.xtec.cat\/ceip-pins\/wp-content\/uploads\/usu1715\/2018\/03\/logoTEA.jpg 373w\" sizes=\"auto, (max-width: 264px) 100vw, 264px\" \/><\/em><\/strong><\/p>\n<p>\u00c9s un taller dirigit als pares, mares i familiars dels nens i nenes de\u00a0l\u2019escola.<\/p>\n<p style=\"font-weight: 400;\">&#8211;\u00a0\u00a0\u00a0\u00a0\u00a0\u00a0\u00a0\u00a0<em>Data<\/em>: dimecres 21\u00a0de\u00a0mar\u00e7 a les 21h.<\/p>\n<p style=\"font-weight: 400;\">&#8211;\u00a0\u00a0\u00a0\u00a0\u00a0\u00a0\u00a0\u00a0<em>Durada prevista<\/em>: 1 hora.<\/p>\n<p style=\"font-weight: 400;\">&#8211;\u00a0\u00a0\u00a0\u00a0\u00a0\u00a0\u00a0\u00a0<em>Lloc<\/em>:\u00a0dependr\u00e0 dels assistents, per\u00f2 probablement a la biblioteca.<\/p>\n<p style=\"font-weight: 400;\">&#8211;\u00a0 \u00a0 \u00a0 \u00a0 <i>Ponents<\/i>: Pares i mares\u00a0de\u00a0l\u2019associaci\u00f3 Grup TEA Sant Cugat.<\/p>\n<p style=\"font-weight: 400;\">\u00c9s un\u00a0taller\u00a0participatiu i vivencial on podreu experimentar viv\u00e8ncies en clau TEA\u00a0<span style=\"font-family: inherit; font-size: 1em;\">(Trastorn\u00a0de\u00a0l\u2019Espectre Autista) i obert a compartir i preguntar sobre l\u2019Autisme.<\/span><\/p>\n<p style=\"font-weight: 400;\">Per tal de fer una estimaci\u00f3 d&#8217;assist\u00e8ncia, us demanem que us inscriviu en el seg\u00fcent formulari.<\/p>\n<p><iframe loading=\"lazy\" src=\"https:\/\/docs.google.com\/forms\/d\/e\/1FAIpQLSfmOxrtYoMFg2gRrxNkxcUpoQzzM3rgr_QT0OyXQ9niaclFug\/viewform?embedded=true\" width=\"760\" height=\"500\" frameborder=\"0\" marginwidth=\"0\" marginheight=\"0\">S&#8217;est\u00e0 carregant&#8230;<\/iframe><\/p>\n<p>https:\/\/goo.gl\/forms\/paTttyJHHcfq7Avj1<\/p>\n","protected":false},"excerpt":{"rendered":"<p>L\u2019Autisme com mai abans l\u2019havies vist&hellip;  <a href=\"https:\/\/agora.xtec.cat\/ceip-pins\/afa\/lautisme-com-mai-abans-lhavies-vist\/\" title=\"Read L\u2019Autisme com mai abans l\u2019havies vist\">Llegeix m\u00e9s\u00bb<\/a><\/p>\n","protected":false},"author":4,"featured_media":2094,"comment_status":"closed","ping_status":"closed","sticky":false,"template":"","format":"standard","meta":{"_bbp_topic_count":0,"_bbp_reply_count":0,"_bbp_total_topic_count":0,"_bbp_total_reply_count":0,"_bbp_voice_count":0,"_bbp_anonymous_reply_count":0,"_bbp_topic_count_hidden":0,"_bbp_reply_count_hidden":0,"_bbp_forum_subforum_count":0,"footnotes":""},"categories":[7],"tags":[155,174,147,173,157],"class_list":["post-2093","post","type-post","status-publish","format-standard","has-post-thumbnail","hentry","category-afa","tag-activitats-mares-i-pares","tag-autisme","tag-tallers","tag-tea","tag-xerrada"],"post_mailing_queue_ids":[],"_links":{"self":[{"href":"https:\/\/agora.xtec.cat\/ceip-pins\/wp-json\/wp\/v2\/posts\/2093","targetHints":{"allow":["GET"]}}],"collection":[{"href":"https:\/\/agora.xtec.cat\/ceip-pins\/wp-json\/wp\/v2\/posts"}],"about":[{"href":"https:\/\/agora.xtec.cat\/ceip-pins\/wp-json\/wp\/v2\/types\/post"}],"author":[{"embeddable":true,"href":"https:\/\/agora.xtec.cat\/ceip-pins\/wp-json\/wp\/v2\/users\/4"}],"replies":[{"embeddable":true,"href":"https:\/\/agora.xtec.cat\/ceip-pins\/wp-json\/wp\/v2\/comments?post=2093"}],"version-history":[{"count":2,"href":"https:\/\/agora.xtec.cat\/ceip-pins\/wp-json\/wp\/v2\/posts\/2093\/revisions"}],"predecessor-version":[{"id":2100,"href":"https:\/\/agora.xtec.cat\/ceip-pins\/wp-json\/wp\/v2\/posts\/2093\/revisions\/2100"}],"wp:featuredmedia":[{"embeddable":true,"href":"https:\/\/agora.xtec.cat\/ceip-pins\/wp-json\/wp\/v2\/media\/2094"}],"wp:attachment":[{"href":"https:\/\/agora.xtec.cat\/ceip-pins\/wp-json\/wp\/v2\/media?parent=2093"}],"wp:term":[{"taxonomy":"category","embeddable":true,"href":"https:\/\/agora.xtec.cat\/ceip-pins\/wp-json\/wp\/v2\/categories?post=2093"},{"taxonomy":"post_tag","embeddable":true,"href":"https:\/\/agora.xtec.cat\/ceip-pins\/wp-json\/wp\/v2\/tags?post=2093"}],"curies":[{"name":"wp","href":"https:\/\/api.w.org\/{rel}","templated":true}]}}