{"id":1690,"date":"2018-02-16T11:52:03","date_gmt":"2018-02-16T10:52:03","guid":{"rendered":"http:\/\/agora.xtec.cat\/ceip-pins\/?p=1690"},"modified":"2018-02-16T13:01:33","modified_gmt":"2018-02-16T12:01:33","slug":"taller-com-parlar-perque-els-fills-escoltin","status":"publish","type":"post","link":"https:\/\/agora.xtec.cat\/ceip-pins\/afa\/taller-com-parlar-perque-els-fills-escoltin\/","title":{"rendered":"Taller Com Parlar Perqu\u00e8 els Fills Escoltin"},"content":{"rendered":"<p><strong>Taller Com Parlar Perqu\u00e8 els Fills Escoltin<\/strong> a\u00a0la nostra escola.<\/p>\n<p><img loading=\"lazy\" decoding=\"async\" class=\"alignright wp-image-1691\" src=\"http:\/\/agora.xtec.cat\/ceip-pins\/wp-content\/uploads\/usu1715\/2018\/02\/Taller-COMPARLAR-696x1024.jpg\" alt=\"\" width=\"450\" height=\"662\" srcset=\"https:\/\/agora.xtec.cat\/ceip-pins\/wp-content\/uploads\/usu1715\/2018\/02\/Taller-COMPARLAR-696x1024.jpg 696w, https:\/\/agora.xtec.cat\/ceip-pins\/wp-content\/uploads\/usu1715\/2018\/02\/Taller-COMPARLAR-204x300.jpg 204w, https:\/\/agora.xtec.cat\/ceip-pins\/wp-content\/uploads\/usu1715\/2018\/02\/Taller-COMPARLAR-768x1130.jpg 768w, https:\/\/agora.xtec.cat\/ceip-pins\/wp-content\/uploads\/usu1715\/2018\/02\/Taller-COMPARLAR.jpg 1314w\" sizes=\"auto, (max-width: 450px) 100vw, 450px\" \/><\/p>\n<p>T&#8217;agradaria millorar la comunicaci\u00f3 amb els teus fills? En aquest taller aprendreu m\u00e9s de <strong>35 eine<\/strong>s provades durant m\u00e9s de 40 anys que podreu aplicar des del primer dia i que facilitaran les relacions amb els vostres infants.<\/p>\n<p>Durant el taller aprendreu a:<\/p>\n<p>1. Ajudar als nens a gestionar els seus sentiments i a limitar les conductes inacceptables mantenint la bona voluntat<br \/>\n2. Involucrar-los en la cooperaci\u00f3 permetent a pares i fills sentir-se b\u00e9 amb ells mateixos<br \/>\n3. Alternatives al c\u00e0stig que ajuden als infants a ser responsables dels seus actes<br \/>\n4. Potenciar l&#8217;autonomia ajudant als infants a ser persones independents i responsables<br \/>\n5. L&#8217;elogi que construeix una imatge positiva i realista d&#8217;ells mateixos<br \/>\n6. Com fugir dels encasellaments per permetre als infants veure&#8217;s des d&#8217;una perspectiva m\u00e9s positiva<\/p>\n<p>El taller s&#8217;organitzar\u00e0 en<strong> 7 sessions<\/strong> de 2h que es faran a l&#8217;escola en <strong>horari de 21 a 23h<\/strong> els dijous 1,8, 22 de mar\u00e7 i 5,12,19, 26 d&#8217;abril de 2018.<\/p>\n<p>El prou normal del taller \u00e9s de 160\u20ac per persona o 270\u20ac per parella. Per\u00f2 el <strong>preu especial<\/strong> per a l&#8217;Escola Pins del Vall\u00e8s ser\u00e0 de 120\u20ac per persona o 200\u20ac per parella.<\/p>\n<p>Les places s\u00f3n limitades perqu\u00e8 treballarem en grup petit. L&#8217;<strong>\u00faltim dia<\/strong> per apuntar-s&#8217;hi \u00e9s\u00a0dilluns <strong>26 de febrer<\/strong> (o quan s&#8217;acabin les places).<\/p>\n<p>Per apuntar-vos, escriviu a <a href=\"mailto:gemma@coachgemma.com\" target=\"_blank\" rel=\"noopener noreferrer\">gemma@coachgemma.com<\/a><\/p>\n","protected":false},"excerpt":{"rendered":"<p>T&#8217;agradaria millorar la comunicaci\u00f3 amb els teus fills? &hellip;  <a href=\"https:\/\/agora.xtec.cat\/ceip-pins\/afa\/taller-com-parlar-perque-els-fills-escoltin\/\" title=\"Read Taller Com Parlar Perqu\u00e8 els Fills Escoltin\">Llegeix m\u00e9s\u00bb<\/a><\/p>\n","protected":false},"author":4,"featured_media":1703,"comment_status":"closed","ping_status":"closed","sticky":false,"template":"","format":"standard","meta":{"_bbp_topic_count":0,"_bbp_reply_count":0,"_bbp_total_topic_count":0,"_bbp_total_reply_count":0,"_bbp_voice_count":0,"_bbp_anonymous_reply_count":0,"_bbp_topic_count_hidden":0,"_bbp_reply_count_hidden":0,"_bbp_forum_subforum_count":0,"footnotes":""},"categories":[7],"tags":[155,147,157],"class_list":["post-1690","post","type-post","status-publish","format-standard","has-post-thumbnail","hentry","category-afa","tag-activitats-mares-i-pares","tag-tallers","tag-xerrada"],"post_mailing_queue_ids":[],"_links":{"self":[{"href":"https:\/\/agora.xtec.cat\/ceip-pins\/wp-json\/wp\/v2\/posts\/1690","targetHints":{"allow":["GET"]}}],"collection":[{"href":"https:\/\/agora.xtec.cat\/ceip-pins\/wp-json\/wp\/v2\/posts"}],"about":[{"href":"https:\/\/agora.xtec.cat\/ceip-pins\/wp-json\/wp\/v2\/types\/post"}],"author":[{"embeddable":true,"href":"https:\/\/agora.xtec.cat\/ceip-pins\/wp-json\/wp\/v2\/users\/4"}],"replies":[{"embeddable":true,"href":"https:\/\/agora.xtec.cat\/ceip-pins\/wp-json\/wp\/v2\/comments?post=1690"}],"version-history":[{"count":2,"href":"https:\/\/agora.xtec.cat\/ceip-pins\/wp-json\/wp\/v2\/posts\/1690\/revisions"}],"predecessor-version":[{"id":1693,"href":"https:\/\/agora.xtec.cat\/ceip-pins\/wp-json\/wp\/v2\/posts\/1690\/revisions\/1693"}],"wp:featuredmedia":[{"embeddable":true,"href":"https:\/\/agora.xtec.cat\/ceip-pins\/wp-json\/wp\/v2\/media\/1703"}],"wp:attachment":[{"href":"https:\/\/agora.xtec.cat\/ceip-pins\/wp-json\/wp\/v2\/media?parent=1690"}],"wp:term":[{"taxonomy":"category","embeddable":true,"href":"https:\/\/agora.xtec.cat\/ceip-pins\/wp-json\/wp\/v2\/categories?post=1690"},{"taxonomy":"post_tag","embeddable":true,"href":"https:\/\/agora.xtec.cat\/ceip-pins\/wp-json\/wp\/v2\/tags?post=1690"}],"curies":[{"name":"wp","href":"https:\/\/api.w.org\/{rel}","templated":true}]}}