{"id":1337,"date":"2018-01-30T13:53:04","date_gmt":"2018-01-30T12:53:04","guid":{"rendered":"http:\/\/agora.xtec.cat\/ceip-pins\/?p=1337"},"modified":"2018-01-30T13:53:04","modified_gmt":"2018-01-30T12:53:04","slug":"el-carnaval-ja-es-aqui","status":"publish","type":"post","link":"https:\/\/agora.xtec.cat\/ceip-pins\/general\/el-carnaval-ja-es-aqui\/","title":{"rendered":"EL CARNAVAL JA \u00c9S AQU\u00cd!"},"content":{"rendered":"<p>El proper divendres dia 9 de la setmana vinent celebrarem la festa del Carnestoltes.<\/p>\n<p>Us hi esperem de 15h a 16:30h al pati de l&#8217;escola!<\/p>\n<p>Aquest any la tem\u00e0tica ser\u00e0 LA M\u00daSICA!!!<\/p>\n<p><a href=\"http:\/\/agora.xtec.cat\/ceip-pins\/wp-content\/uploads\/usu1715\/2018\/01\/Disfressa-2018.jpg\"><img loading=\"lazy\" decoding=\"async\" class=\"size-medium wp-image-1338 aligncenter\" src=\"http:\/\/agora.xtec.cat\/ceip-pins\/wp-content\/uploads\/usu1715\/2018\/01\/Disfressa-2018-300x197.jpg\" alt=\"\" width=\"300\" height=\"197\" srcset=\"https:\/\/agora.xtec.cat\/ceip-pins\/wp-content\/uploads\/usu1715\/2018\/01\/Disfressa-2018-300x197.jpg 300w, https:\/\/agora.xtec.cat\/ceip-pins\/wp-content\/uploads\/usu1715\/2018\/01\/Disfressa-2018-768x505.jpg 768w, https:\/\/agora.xtec.cat\/ceip-pins\/wp-content\/uploads\/usu1715\/2018\/01\/Disfressa-2018.jpg 942w\" sizes=\"auto, (max-width: 300px) 100vw, 300px\" \/><\/a><\/p>\n<p><a href=\"http:\/\/agora.xtec.cat\/ceip-pins\/wp-content\/uploads\/usu1715\/2018\/01\/Disfressa-2018.pdf\">Disfressa 2018<\/a><\/p>\n","protected":false},"excerpt":{"rendered":"<p>El proper divendres dia 9 de la setmana vinent celebrarem la festa del Carnestoltes.<br \/>\nUs hi esperem de 15h a 16:30h al pati de l&#8217;escola!<br \/>\nAquest any la tem\u00e0tica ser\u00e0 LA M\u00daSICA!!!<br \/>\n<a href=\"http:\/\/agora.xtec.cat\/ceip-pins\/wp-content\/uploads\/usu1715\/2018\/01\/Disfressa-2018.jpg\"><\/a><br \/>\n<a href=\"http:\/\/agora.xtec.cat\/ceip-pins\/wp-content\/uploads\/usu1715\/2018\/01\/Disfressa-2018.pdf\">Disfressa 2018<\/a><\/p>\n","protected":false},"author":7,"featured_media":1338,"comment_status":"closed","ping_status":"closed","sticky":false,"template":"","format":"standard","meta":{"_bbp_topic_count":0,"_bbp_reply_count":0,"_bbp_total_topic_count":0,"_bbp_total_reply_count":0,"_bbp_voice_count":0,"_bbp_anonymous_reply_count":0,"_bbp_topic_count_hidden":0,"_bbp_reply_count_hidden":0,"_bbp_forum_subforum_count":0,"footnotes":""},"categories":[4,1],"tags":[143,144,146],"class_list":["post-1337","post","type-post","status-publish","format-standard","has-post-thumbnail","hentry","category-portada","category-general","tag-carnaval","tag-carnestoltes","tag-festa"],"post_mailing_queue_ids":[],"_links":{"self":[{"href":"https:\/\/agora.xtec.cat\/ceip-pins\/wp-json\/wp\/v2\/posts\/1337","targetHints":{"allow":["GET"]}}],"collection":[{"href":"https:\/\/agora.xtec.cat\/ceip-pins\/wp-json\/wp\/v2\/posts"}],"about":[{"href":"https:\/\/agora.xtec.cat\/ceip-pins\/wp-json\/wp\/v2\/types\/post"}],"author":[{"embeddable":true,"href":"https:\/\/agora.xtec.cat\/ceip-pins\/wp-json\/wp\/v2\/users\/7"}],"replies":[{"embeddable":true,"href":"https:\/\/agora.xtec.cat\/ceip-pins\/wp-json\/wp\/v2\/comments?post=1337"}],"version-history":[{"count":3,"href":"https:\/\/agora.xtec.cat\/ceip-pins\/wp-json\/wp\/v2\/posts\/1337\/revisions"}],"predecessor-version":[{"id":1342,"href":"https:\/\/agora.xtec.cat\/ceip-pins\/wp-json\/wp\/v2\/posts\/1337\/revisions\/1342"}],"wp:featuredmedia":[{"embeddable":true,"href":"https:\/\/agora.xtec.cat\/ceip-pins\/wp-json\/wp\/v2\/media\/1338"}],"wp:attachment":[{"href":"https:\/\/agora.xtec.cat\/ceip-pins\/wp-json\/wp\/v2\/media?parent=1337"}],"wp:term":[{"taxonomy":"category","embeddable":true,"href":"https:\/\/agora.xtec.cat\/ceip-pins\/wp-json\/wp\/v2\/categories?post=1337"},{"taxonomy":"post_tag","embeddable":true,"href":"https:\/\/agora.xtec.cat\/ceip-pins\/wp-json\/wp\/v2\/tags?post=1337"}],"curies":[{"name":"wp","href":"https:\/\/api.w.org\/{rel}","templated":true}]}}