{"id":11446,"date":"2026-01-26T13:28:44","date_gmt":"2026-01-26T12:28:44","guid":{"rendered":"https:\/\/agora.xtec.cat\/ceip-pins\/?p=11446"},"modified":"2026-01-26T13:31:40","modified_gmt":"2026-01-26T12:31:40","slug":"portes-obertes-curs-2026-27","status":"publish","type":"post","link":"https:\/\/agora.xtec.cat\/ceip-pins\/general\/portes-obertes-curs-2026-27\/","title":{"rendered":"PORTES OBERTES CURS 2026-27"},"content":{"rendered":"<p><em>Ens fa molta il\u00b7lusi\u00f3 convidar les fam\u00edlies interessades a con\u00e8ixer l\u2019escola a participar a la jornada de portes obertes.<\/em><br \/>\n<a href=\"https:\/\/forms.gle\/R6c4L2qJdHBKZ9qS9\" target=\"_blank\" rel=\"noopener\"><img loading=\"lazy\" decoding=\"async\" class=\"aligncenter wp-image-11447 size-full\" src=\"https:\/\/agora.xtec.cat\/ceip-pins\/wp-content\/uploads\/usu1715\/2026\/01\/Portes-Obertes-2026-27.jpg\" alt=\"\" width=\"1920\" height=\"1080\" srcset=\"https:\/\/agora.xtec.cat\/ceip-pins\/wp-content\/uploads\/usu1715\/2026\/01\/Portes-Obertes-2026-27.jpg 1920w, https:\/\/agora.xtec.cat\/ceip-pins\/wp-content\/uploads\/usu1715\/2026\/01\/Portes-Obertes-2026-27-300x169.jpg 300w, https:\/\/agora.xtec.cat\/ceip-pins\/wp-content\/uploads\/usu1715\/2026\/01\/Portes-Obertes-2026-27-1024x576.jpg 1024w, https:\/\/agora.xtec.cat\/ceip-pins\/wp-content\/uploads\/usu1715\/2026\/01\/Portes-Obertes-2026-27-768x432.jpg 768w, https:\/\/agora.xtec.cat\/ceip-pins\/wp-content\/uploads\/usu1715\/2026\/01\/Portes-Obertes-2026-27-1536x864.jpg 1536w\" sizes=\"auto, (max-width: 1920px) 100vw, 1920px\" \/><\/a><\/p>\n<div style=\"width: 100%;\">\n<div style=\"position: relative; padding-bottom: 56.25%; padding-top: 0; height: 0;\"><iframe loading=\"lazy\" style=\"position: absolute; top: 0; left: 0; width: 100%; height: 100%;\" title=\"Preguntes Freq\u00fcents Portes Obertes\" src=\"https:\/\/view.genial.ly\/65b106c1070c920014bab496\" width=\"1200\" height=\"675\" frameborder=\"0\" scrolling=\"yes\" allowfullscreen=\"allowfullscreen\"><\/iframe><\/div>\n<div><\/div>\n<p><strong>Dades de la Preinscripci\u00f3 2026 \u2013 2027:<\/strong><\/p>\n<p>Les preinscripcions per al curs 2026\u20132027 de segon cicle d\u2019educaci\u00f3 infantil i<br \/>\neducaci\u00f3 prim\u00e0ria seran del 4 de mar\u00e7 al 18 de mar\u00e7 de 2026.<\/p>\n<p><em>Podeu trobar m\u00e9s informaci\u00f3 sobre el proc\u00e9s de preinscripci\u00f3 a la web del:<\/em><\/p>\n<p><a href=\"https:\/\/preinscripcio.gencat.cat\/ca\/inici\/index.html\" target=\"_blank\" rel=\"noopener\">Departament d\u2019Educaci\u00f3 i a l\u2019Oficina Municipal d\u2019Escolaritzaci\u00f3.<\/a><\/p>\n<p>o<\/p>\n<p><a href=\"https:\/\/www.santcugat.cat\/web\/preinscripcio-2026-2027\" target=\"_blank\" rel=\"noopener\">Ajuntament de Sant Cugat del Vall\u00e8s.<\/a><\/p>\n<\/div>\n","protected":false},"excerpt":{"rendered":"<p>Ens fa molta il\u00b7lusi\u00f3 convidar les fam\u00edlies interessades a con\u00e8ixer l\u2019escola a participar a la jornada de portes obertes.<br \/>\n<a href=\"https:\/\/forms.gle\/R6c4L2qJdHBKZ9qS9\" target=\"_blank\" rel=\"noopener\"><\/a><\/p>\n<p>Dades de la Preinscripci\u00f3 2026 \u2013 2027:<br \/>\nLes preinscripcions per al curs 2026\u20132027 de segon cicle d\u2019educaci\u00f3 infantil i<br \/>\neducaci\u00f3 prim\u00e0ria seran del 4 de mar\u00e7&hellip;  <a href=\"https:\/\/agora.xtec.cat\/ceip-pins\/general\/portes-obertes-curs-2026-27\/\" title=\"Read PORTES OBERTES CURS 2026-27\">Llegeix m\u00e9s\u00bb<\/a><\/p>\n","protected":false},"author":3,"featured_media":0,"comment_status":"closed","ping_status":"open","sticky":true,"template":"","format":"standard","meta":{"_bbp_topic_count":0,"_bbp_reply_count":0,"_bbp_total_topic_count":0,"_bbp_total_reply_count":0,"_bbp_voice_count":0,"_bbp_anonymous_reply_count":0,"_bbp_topic_count_hidden":0,"_bbp_reply_count_hidden":0,"_bbp_forum_subforum_count":0,"footnotes":""},"categories":[4,385,1],"tags":[148],"class_list":["post-11446","post","type-post","status-publish","format-standard","hentry","category-portada","category-curs-25-26","category-general","tag-portes-obertes"],"post_mailing_queue_ids":[],"_links":{"self":[{"href":"https:\/\/agora.xtec.cat\/ceip-pins\/wp-json\/wp\/v2\/posts\/11446","targetHints":{"allow":["GET"]}}],"collection":[{"href":"https:\/\/agora.xtec.cat\/ceip-pins\/wp-json\/wp\/v2\/posts"}],"about":[{"href":"https:\/\/agora.xtec.cat\/ceip-pins\/wp-json\/wp\/v2\/types\/post"}],"author":[{"embeddable":true,"href":"https:\/\/agora.xtec.cat\/ceip-pins\/wp-json\/wp\/v2\/users\/3"}],"replies":[{"embeddable":true,"href":"https:\/\/agora.xtec.cat\/ceip-pins\/wp-json\/wp\/v2\/comments?post=11446"}],"version-history":[{"count":2,"href":"https:\/\/agora.xtec.cat\/ceip-pins\/wp-json\/wp\/v2\/posts\/11446\/revisions"}],"predecessor-version":[{"id":11449,"href":"https:\/\/agora.xtec.cat\/ceip-pins\/wp-json\/wp\/v2\/posts\/11446\/revisions\/11449"}],"wp:attachment":[{"href":"https:\/\/agora.xtec.cat\/ceip-pins\/wp-json\/wp\/v2\/media?parent=11446"}],"wp:term":[{"taxonomy":"category","embeddable":true,"href":"https:\/\/agora.xtec.cat\/ceip-pins\/wp-json\/wp\/v2\/categories?post=11446"},{"taxonomy":"post_tag","embeddable":true,"href":"https:\/\/agora.xtec.cat\/ceip-pins\/wp-json\/wp\/v2\/tags?post=11446"}],"curies":[{"name":"wp","href":"https:\/\/api.w.org\/{rel}","templated":true}]}}