{"id":11423,"date":"2025-10-28T13:00:55","date_gmt":"2025-10-28T12:00:55","guid":{"rendered":"https:\/\/agora.xtec.cat\/ceip-pins\/?p=11423"},"modified":"2025-10-28T13:00:55","modified_gmt":"2025-10-28T12:00:55","slug":"primera-trobada-padrins-i-fillols-4t-i-i5","status":"publish","type":"post","link":"https:\/\/agora.xtec.cat\/ceip-pins\/portada\/primera-trobada-padrins-i-fillols-4t-i-i5\/","title":{"rendered":"Primera trobada padrins i fillols 4t i I5"},"content":{"rendered":"<p>Arriba el dia de la trobada entre els padrins i padrines de 4t i els seus fillols i filloles d\u2019I5!<br data-start=\"98\" data-end=\"101\" \/>L\u2019alumnat de 4t havia preparat unes preguntes per conversar amb ells i descobrir qu\u00e8 els agrada llegir i una mica m\u00e9s sobre com s\u00f3n. Va ser una trobada molt bonica i plena de moments especials!<img loading=\"lazy\" decoding=\"async\" class=\"aligncenter size-medium wp-image-11424\" src=\"https:\/\/agora.xtec.cat\/ceip-pins\/wp-content\/uploads\/usu1715\/2025\/10\/WhatsApp-Image-2025-10-27-at-18.51.06-300x225.jpeg\" alt=\"\" width=\"300\" height=\"225\" srcset=\"https:\/\/agora.xtec.cat\/ceip-pins\/wp-content\/uploads\/usu1715\/2025\/10\/WhatsApp-Image-2025-10-27-at-18.51.06-300x225.jpeg 300w, https:\/\/agora.xtec.cat\/ceip-pins\/wp-content\/uploads\/usu1715\/2025\/10\/WhatsApp-Image-2025-10-27-at-18.51.06-1024x768.jpeg 1024w, https:\/\/agora.xtec.cat\/ceip-pins\/wp-content\/uploads\/usu1715\/2025\/10\/WhatsApp-Image-2025-10-27-at-18.51.06-768x576.jpeg 768w, https:\/\/agora.xtec.cat\/ceip-pins\/wp-content\/uploads\/usu1715\/2025\/10\/WhatsApp-Image-2025-10-27-at-18.51.06-1536x1152.jpeg 1536w, https:\/\/agora.xtec.cat\/ceip-pins\/wp-content\/uploads\/usu1715\/2025\/10\/WhatsApp-Image-2025-10-27-at-18.51.06-200x150.jpeg 200w, https:\/\/agora.xtec.cat\/ceip-pins\/wp-content\/uploads\/usu1715\/2025\/10\/WhatsApp-Image-2025-10-27-at-18.51.06.jpeg 2000w\" sizes=\"auto, (max-width: 300px) 100vw, 300px\" \/><img loading=\"lazy\" decoding=\"async\" class=\"aligncenter size-medium wp-image-11428\" src=\"https:\/\/agora.xtec.cat\/ceip-pins\/wp-content\/uploads\/usu1715\/2025\/10\/WhatsApp-Image-2025-10-27-at-19.15.34-1-225x300.jpeg\" alt=\"\" width=\"225\" height=\"300\" srcset=\"https:\/\/agora.xtec.cat\/ceip-pins\/wp-content\/uploads\/usu1715\/2025\/10\/WhatsApp-Image-2025-10-27-at-19.15.34-1-225x300.jpeg 225w, https:\/\/agora.xtec.cat\/ceip-pins\/wp-content\/uploads\/usu1715\/2025\/10\/WhatsApp-Image-2025-10-27-at-19.15.34-1-768x1024.jpeg 768w, https:\/\/agora.xtec.cat\/ceip-pins\/wp-content\/uploads\/usu1715\/2025\/10\/WhatsApp-Image-2025-10-27-at-19.15.34-1-1152x1536.jpeg 1152w, https:\/\/agora.xtec.cat\/ceip-pins\/wp-content\/uploads\/usu1715\/2025\/10\/WhatsApp-Image-2025-10-27-at-19.15.34-1.jpeg 1200w\" sizes=\"auto, (max-width: 225px) 100vw, 225px\" \/><\/p>\n","protected":false},"excerpt":{"rendered":"<p>Arriba el dia de la trobada entre els padrins i padrines de 4t i els seus fillols i filloles d\u2019I5!L\u2019alumnat de 4t havia preparat unes preguntes per conversar amb ells i descobrir qu\u00e8 els agrada llegir i una mica m\u00e9s sobre com s\u00f3n. Va ser&hellip;  <a href=\"https:\/\/agora.xtec.cat\/ceip-pins\/portada\/primera-trobada-padrins-i-fillols-4t-i-i5\/\" title=\"Read Primera trobada padrins i fillols 4t i I5\">Llegeix m\u00e9s\u00bb<\/a><\/p>\n","protected":false},"author":5,"featured_media":11424,"comment_status":"closed","ping_status":"open","sticky":false,"template":"","format":"standard","meta":{"_bbp_topic_count":0,"_bbp_reply_count":0,"_bbp_total_topic_count":0,"_bbp_total_reply_count":0,"_bbp_voice_count":0,"_bbp_anonymous_reply_count":0,"_bbp_topic_count_hidden":0,"_bbp_reply_count_hidden":0,"_bbp_forum_subforum_count":0,"footnotes":""},"categories":[4,13,385],"tags":[],"class_list":["post-11423","post","type-post","status-publish","format-standard","has-post-thumbnail","hentry","category-portada","category-4t","category-curs-25-26"],"post_mailing_queue_ids":[],"_links":{"self":[{"href":"https:\/\/agora.xtec.cat\/ceip-pins\/wp-json\/wp\/v2\/posts\/11423","targetHints":{"allow":["GET"]}}],"collection":[{"href":"https:\/\/agora.xtec.cat\/ceip-pins\/wp-json\/wp\/v2\/posts"}],"about":[{"href":"https:\/\/agora.xtec.cat\/ceip-pins\/wp-json\/wp\/v2\/types\/post"}],"author":[{"embeddable":true,"href":"https:\/\/agora.xtec.cat\/ceip-pins\/wp-json\/wp\/v2\/users\/5"}],"replies":[{"embeddable":true,"href":"https:\/\/agora.xtec.cat\/ceip-pins\/wp-json\/wp\/v2\/comments?post=11423"}],"version-history":[{"count":3,"href":"https:\/\/agora.xtec.cat\/ceip-pins\/wp-json\/wp\/v2\/posts\/11423\/revisions"}],"predecessor-version":[{"id":11429,"href":"https:\/\/agora.xtec.cat\/ceip-pins\/wp-json\/wp\/v2\/posts\/11423\/revisions\/11429"}],"wp:featuredmedia":[{"embeddable":true,"href":"https:\/\/agora.xtec.cat\/ceip-pins\/wp-json\/wp\/v2\/media\/11424"}],"wp:attachment":[{"href":"https:\/\/agora.xtec.cat\/ceip-pins\/wp-json\/wp\/v2\/media?parent=11423"}],"wp:term":[{"taxonomy":"category","embeddable":true,"href":"https:\/\/agora.xtec.cat\/ceip-pins\/wp-json\/wp\/v2\/categories?post=11423"},{"taxonomy":"post_tag","embeddable":true,"href":"https:\/\/agora.xtec.cat\/ceip-pins\/wp-json\/wp\/v2\/tags?post=11423"}],"curies":[{"name":"wp","href":"https:\/\/api.w.org\/{rel}","templated":true}]}}