{"id":11382,"date":"2025-10-14T13:22:18","date_gmt":"2025-10-14T11:22:18","guid":{"rendered":"https:\/\/agora.xtec.cat\/ceip-pins\/?p=11382"},"modified":"2025-10-14T13:23:57","modified_gmt":"2025-10-14T11:23:57","slug":"sortida-de-la-verema-a-can-montcau-de-primer","status":"publish","type":"post","link":"https:\/\/agora.xtec.cat\/ceip-pins\/general\/sortida-de-la-verema-a-can-montcau-de-primer\/","title":{"rendered":"Sortida de la verema a Can Montcau de primer"},"content":{"rendered":"<p>El passat 30 de setembre, els nens i nenes de 1r de Prim\u00e0ria vam fer una sortida molt especial a Can Montcau, una masia situada en un entorn natural i privilegiat, on vam viure de ben a prop l\u2019experi\u00e8ncia de la verema tradicional.<br \/>\nDurant la jornada, els infants van poder observar les vinyes, collir ra\u00efm i, fins i tot, trepitjar-lo com es feia antigament. A m\u00e9s, van aprendre el proc\u00e9s d\u2019elaboraci\u00f3 del most i van descobrir moltes curiositats sobre el m\u00f3n de la vinya i la natura que l\u2019envolta.<br \/>\nVa ser un dia ple de viv\u00e8ncies, aprenentatges i moments compartits, en qu\u00e8 vam combinar coneixement, contacte amb l&#8217;entorn i molta il\u00b7lusi\u00f3.<\/p>\n<p><img loading=\"lazy\" decoding=\"async\" class=\"aligncenter size-medium wp-image-11383\" src=\"https:\/\/agora.xtec.cat\/ceip-pins\/wp-content\/uploads\/usu1715\/2025\/10\/40fe7c37-b067-4ff5-91ae-59bc772f37ff-225x300.jpg\" alt=\"\" width=\"225\" height=\"300\" srcset=\"https:\/\/agora.xtec.cat\/ceip-pins\/wp-content\/uploads\/usu1715\/2025\/10\/40fe7c37-b067-4ff5-91ae-59bc772f37ff-225x300.jpg 225w, https:\/\/agora.xtec.cat\/ceip-pins\/wp-content\/uploads\/usu1715\/2025\/10\/40fe7c37-b067-4ff5-91ae-59bc772f37ff.jpg 480w\" sizes=\"auto, (max-width: 225px) 100vw, 225px\" \/> <img loading=\"lazy\" decoding=\"async\" class=\"aligncenter size-medium wp-image-11384\" src=\"https:\/\/agora.xtec.cat\/ceip-pins\/wp-content\/uploads\/usu1715\/2025\/10\/a99a737f-6958-493f-82f3-fb9a94a2f388-225x300.jpg\" alt=\"\" width=\"225\" height=\"300\" srcset=\"https:\/\/agora.xtec.cat\/ceip-pins\/wp-content\/uploads\/usu1715\/2025\/10\/a99a737f-6958-493f-82f3-fb9a94a2f388-225x300.jpg 225w, https:\/\/agora.xtec.cat\/ceip-pins\/wp-content\/uploads\/usu1715\/2025\/10\/a99a737f-6958-493f-82f3-fb9a94a2f388-768x1024.jpg 768w, https:\/\/agora.xtec.cat\/ceip-pins\/wp-content\/uploads\/usu1715\/2025\/10\/a99a737f-6958-493f-82f3-fb9a94a2f388-1152x1536.jpg 1152w, https:\/\/agora.xtec.cat\/ceip-pins\/wp-content\/uploads\/usu1715\/2025\/10\/a99a737f-6958-493f-82f3-fb9a94a2f388.jpg 1200w\" sizes=\"auto, (max-width: 225px) 100vw, 225px\" \/> <img loading=\"lazy\" decoding=\"async\" class=\"aligncenter size-medium wp-image-11385\" src=\"https:\/\/agora.xtec.cat\/ceip-pins\/wp-content\/uploads\/usu1715\/2025\/10\/ac382cec-b9b3-4152-9871-908a111867c0-300x225.jpg\" alt=\"\" width=\"300\" height=\"225\" srcset=\"https:\/\/agora.xtec.cat\/ceip-pins\/wp-content\/uploads\/usu1715\/2025\/10\/ac382cec-b9b3-4152-9871-908a111867c0-300x225.jpg 300w, https:\/\/agora.xtec.cat\/ceip-pins\/wp-content\/uploads\/usu1715\/2025\/10\/ac382cec-b9b3-4152-9871-908a111867c0-200x150.jpg 200w, https:\/\/agora.xtec.cat\/ceip-pins\/wp-content\/uploads\/usu1715\/2025\/10\/ac382cec-b9b3-4152-9871-908a111867c0.jpg 640w\" sizes=\"auto, (max-width: 300px) 100vw, 300px\" \/> <img loading=\"lazy\" decoding=\"async\" class=\"aligncenter size-medium wp-image-11386\" src=\"https:\/\/agora.xtec.cat\/ceip-pins\/wp-content\/uploads\/usu1715\/2025\/10\/0aab02aa-3a36-4f22-924e-77ceb2fd2a73-225x300.jpg\" alt=\"\" width=\"225\" height=\"300\" srcset=\"https:\/\/agora.xtec.cat\/ceip-pins\/wp-content\/uploads\/usu1715\/2025\/10\/0aab02aa-3a36-4f22-924e-77ceb2fd2a73-225x300.jpg 225w, https:\/\/agora.xtec.cat\/ceip-pins\/wp-content\/uploads\/usu1715\/2025\/10\/0aab02aa-3a36-4f22-924e-77ceb2fd2a73.jpg 480w\" sizes=\"auto, (max-width: 225px) 100vw, 225px\" \/><\/p>\n","protected":false},"excerpt":{"rendered":"<p>El passat 30 de setembre, els nens i nenes de 1r de Prim\u00e0ria vam fer una sortida molt especial a Can Montcau, una masia situada en un entorn natural i privilegiat, on vam viure de ben a prop l\u2019experi\u00e8ncia de la verema tradicional.<br \/>\nDurant la jornada,&hellip;  <a href=\"https:\/\/agora.xtec.cat\/ceip-pins\/general\/sortida-de-la-verema-a-can-montcau-de-primer\/\" title=\"Read Sortida de la verema a Can Montcau de primer\">Llegeix m\u00e9s\u00bb<\/a><\/p>\n","protected":false},"author":5,"featured_media":11386,"comment_status":"closed","ping_status":"open","sticky":false,"template":"","format":"standard","meta":{"_bbp_topic_count":0,"_bbp_reply_count":0,"_bbp_total_topic_count":0,"_bbp_total_reply_count":0,"_bbp_voice_count":0,"_bbp_anonymous_reply_count":0,"_bbp_topic_count_hidden":0,"_bbp_reply_count_hidden":0,"_bbp_forum_subforum_count":0,"footnotes":""},"categories":[4,10,1],"tags":[],"class_list":["post-11382","post","type-post","status-publish","format-standard","has-post-thumbnail","hentry","category-portada","category-1r","category-general"],"post_mailing_queue_ids":[],"_links":{"self":[{"href":"https:\/\/agora.xtec.cat\/ceip-pins\/wp-json\/wp\/v2\/posts\/11382","targetHints":{"allow":["GET"]}}],"collection":[{"href":"https:\/\/agora.xtec.cat\/ceip-pins\/wp-json\/wp\/v2\/posts"}],"about":[{"href":"https:\/\/agora.xtec.cat\/ceip-pins\/wp-json\/wp\/v2\/types\/post"}],"author":[{"embeddable":true,"href":"https:\/\/agora.xtec.cat\/ceip-pins\/wp-json\/wp\/v2\/users\/5"}],"replies":[{"embeddable":true,"href":"https:\/\/agora.xtec.cat\/ceip-pins\/wp-json\/wp\/v2\/comments?post=11382"}],"version-history":[{"count":1,"href":"https:\/\/agora.xtec.cat\/ceip-pins\/wp-json\/wp\/v2\/posts\/11382\/revisions"}],"predecessor-version":[{"id":11387,"href":"https:\/\/agora.xtec.cat\/ceip-pins\/wp-json\/wp\/v2\/posts\/11382\/revisions\/11387"}],"wp:featuredmedia":[{"embeddable":true,"href":"https:\/\/agora.xtec.cat\/ceip-pins\/wp-json\/wp\/v2\/media\/11386"}],"wp:attachment":[{"href":"https:\/\/agora.xtec.cat\/ceip-pins\/wp-json\/wp\/v2\/media?parent=11382"}],"wp:term":[{"taxonomy":"category","embeddable":true,"href":"https:\/\/agora.xtec.cat\/ceip-pins\/wp-json\/wp\/v2\/categories?post=11382"},{"taxonomy":"post_tag","embeddable":true,"href":"https:\/\/agora.xtec.cat\/ceip-pins\/wp-json\/wp\/v2\/tags?post=11382"}],"curies":[{"name":"wp","href":"https:\/\/api.w.org\/{rel}","templated":true}]}}