{"id":11211,"date":"2025-04-09T22:20:04","date_gmt":"2025-04-09T20:20:04","guid":{"rendered":"https:\/\/agora.xtec.cat\/ceip-pins\/?p=11211"},"modified":"2025-04-09T22:20:40","modified_gmt":"2025-04-09T20:20:40","slug":"ha-arribat-la-primavera-a-i5","status":"publish","type":"post","link":"https:\/\/agora.xtec.cat\/ceip-pins\/general\/ha-arribat-la-primavera-a-i5\/","title":{"rendered":"Ha arribat la primavera a I5!"},"content":{"rendered":"<p data-pm-slice=\"1 1 []\"><img loading=\"lazy\" decoding=\"async\" class=\"aligncenter wp-image-11217\" src=\"https:\/\/agora.xtec.cat\/ceip-pins\/wp-content\/uploads\/usu1715\/2025\/04\/Ha-arribat-la-Primavera2-300x91.png\" alt=\"\" width=\"982\" height=\"298\" srcset=\"https:\/\/agora.xtec.cat\/ceip-pins\/wp-content\/uploads\/usu1715\/2025\/04\/Ha-arribat-la-Primavera2-300x91.png 300w, https:\/\/agora.xtec.cat\/ceip-pins\/wp-content\/uploads\/usu1715\/2025\/04\/Ha-arribat-la-Primavera2-1024x311.png 1024w, https:\/\/agora.xtec.cat\/ceip-pins\/wp-content\/uploads\/usu1715\/2025\/04\/Ha-arribat-la-Primavera2-768x233.png 768w, https:\/\/agora.xtec.cat\/ceip-pins\/wp-content\/uploads\/usu1715\/2025\/04\/Ha-arribat-la-Primavera2-1536x467.png 1536w, https:\/\/agora.xtec.cat\/ceip-pins\/wp-content\/uploads\/usu1715\/2025\/04\/Ha-arribat-la-Primavera2.png 1972w\" sizes=\"auto, (max-width: 982px) 100vw, 982px\" \/>Ha arribat la primavera i els infants d&#8217;I5, les Estrelles i els arcs de Sant Mart\u00ed, han fet un treball cooperatiu i han creat un mural molt bonic, ple de colors i alegria.<\/p>\n<p>Han fet estampaci\u00f3 amb material reciclat per crear unes flors primaverals. Tamb\u00e9 han estampat animals que podem trobar al camp i a m\u00e9s, han posat les seves cares en mig d&#8217;unes flors.<\/p>\n<p>Benvinguda primavera!<\/p>\n","protected":false},"excerpt":{"rendered":"<p>Ha arribat la primavera i els infants d&#8217;I5, les Estrelles i els arcs de Sant Mart\u00ed, han fet un treball cooperatiu i han creat un mural molt bonic, ple de colors i alegria.<br \/>\nHan fet estampaci\u00f3 amb material reciclat per crear unes flors primaverals. Tamb\u00e9 han&hellip;  <a href=\"https:\/\/agora.xtec.cat\/ceip-pins\/general\/ha-arribat-la-primavera-a-i5\/\" title=\"Read Ha arribat la primavera a I5!\">Llegeix m\u00e9s\u00bb<\/a><\/p>\n","protected":false},"author":5,"featured_media":11217,"comment_status":"closed","ping_status":"closed","sticky":false,"template":"","format":"standard","meta":{"_bbp_topic_count":0,"_bbp_reply_count":0,"_bbp_total_topic_count":0,"_bbp_total_reply_count":0,"_bbp_voice_count":0,"_bbp_anonymous_reply_count":0,"_bbp_topic_count_hidden":0,"_bbp_reply_count_hidden":0,"_bbp_forum_subforum_count":0,"footnotes":""},"categories":[4,381,1,9],"tags":[],"class_list":["post-11211","post","type-post","status-publish","format-standard","has-post-thumbnail","hentry","category-portada","category-curs-24-25","category-general","category-p5"],"post_mailing_queue_ids":[],"_links":{"self":[{"href":"https:\/\/agora.xtec.cat\/ceip-pins\/wp-json\/wp\/v2\/posts\/11211","targetHints":{"allow":["GET"]}}],"collection":[{"href":"https:\/\/agora.xtec.cat\/ceip-pins\/wp-json\/wp\/v2\/posts"}],"about":[{"href":"https:\/\/agora.xtec.cat\/ceip-pins\/wp-json\/wp\/v2\/types\/post"}],"author":[{"embeddable":true,"href":"https:\/\/agora.xtec.cat\/ceip-pins\/wp-json\/wp\/v2\/users\/5"}],"replies":[{"embeddable":true,"href":"https:\/\/agora.xtec.cat\/ceip-pins\/wp-json\/wp\/v2\/comments?post=11211"}],"version-history":[{"count":3,"href":"https:\/\/agora.xtec.cat\/ceip-pins\/wp-json\/wp\/v2\/posts\/11211\/revisions"}],"predecessor-version":[{"id":11218,"href":"https:\/\/agora.xtec.cat\/ceip-pins\/wp-json\/wp\/v2\/posts\/11211\/revisions\/11218"}],"wp:featuredmedia":[{"embeddable":true,"href":"https:\/\/agora.xtec.cat\/ceip-pins\/wp-json\/wp\/v2\/media\/11217"}],"wp:attachment":[{"href":"https:\/\/agora.xtec.cat\/ceip-pins\/wp-json\/wp\/v2\/media?parent=11211"}],"wp:term":[{"taxonomy":"category","embeddable":true,"href":"https:\/\/agora.xtec.cat\/ceip-pins\/wp-json\/wp\/v2\/categories?post=11211"},{"taxonomy":"post_tag","embeddable":true,"href":"https:\/\/agora.xtec.cat\/ceip-pins\/wp-json\/wp\/v2\/tags?post=11211"}],"curies":[{"name":"wp","href":"https:\/\/api.w.org\/{rel}","templated":true}]}}