{"id":10489,"date":"2024-04-24T13:34:17","date_gmt":"2024-04-24T11:34:17","guid":{"rendered":"https:\/\/agora.xtec.cat\/ceip-pins\/?p=10489"},"modified":"2024-04-25T12:57:28","modified_gmt":"2024-04-25T10:57:28","slug":"els-infants-dinfantil-celebrem-sant-jordi-a-lescola","status":"publish","type":"post","link":"https:\/\/agora.xtec.cat\/ceip-pins\/general\/els-infants-dinfantil-celebrem-sant-jordi-a-lescola\/","title":{"rendered":"Els infants d&#8217;infantil celebrem Sant Jordi a l&#8217;escola"},"content":{"rendered":"<p>El 23 d&#8217;abril celebrem la diada de Sant Jordi gaudint de diferents propostes:<\/p>\n<p>Exposem les diferents propostes liter\u00e0ries d&#8217;educaci\u00f3 infantil. Entre elles llibres, personatges de la llegenda, roses i punts de llibre realitzats pels infants.<\/p>\n<p><img loading=\"lazy\" decoding=\"async\" class=\"wp-image-10490 aligncenter\" src=\"https:\/\/agora.xtec.cat\/ceip-pins\/wp-content\/uploads\/usu1715\/2024\/04\/20240423_110158-300x135.jpg\" alt=\"\" width=\"362\" height=\"163\" srcset=\"https:\/\/agora.xtec.cat\/ceip-pins\/wp-content\/uploads\/usu1715\/2024\/04\/20240423_110158-300x135.jpg 300w, https:\/\/agora.xtec.cat\/ceip-pins\/wp-content\/uploads\/usu1715\/2024\/04\/20240423_110158-1024x462.jpg 1024w, https:\/\/agora.xtec.cat\/ceip-pins\/wp-content\/uploads\/usu1715\/2024\/04\/20240423_110158-768x346.jpg 768w, https:\/\/agora.xtec.cat\/ceip-pins\/wp-content\/uploads\/usu1715\/2024\/04\/20240423_110158-1536x692.jpg 1536w, https:\/\/agora.xtec.cat\/ceip-pins\/wp-content\/uploads\/usu1715\/2024\/04\/20240423_110158-2048x923.jpg 2048w\" sizes=\"auto, (max-width: 362px) 100vw, 362px\" \/><\/p>\n<p><img loading=\"lazy\" decoding=\"async\" class=\"size-medium wp-image-10491 aligncenter\" src=\"https:\/\/agora.xtec.cat\/ceip-pins\/wp-content\/uploads\/usu1715\/2024\/04\/20240423_110205-135x300.jpg\" alt=\"\" width=\"135\" height=\"300\" srcset=\"https:\/\/agora.xtec.cat\/ceip-pins\/wp-content\/uploads\/usu1715\/2024\/04\/20240423_110205-135x300.jpg 135w, https:\/\/agora.xtec.cat\/ceip-pins\/wp-content\/uploads\/usu1715\/2024\/04\/20240423_110205-462x1024.jpg 462w, https:\/\/agora.xtec.cat\/ceip-pins\/wp-content\/uploads\/usu1715\/2024\/04\/20240423_110205-768x1704.jpg 768w, https:\/\/agora.xtec.cat\/ceip-pins\/wp-content\/uploads\/usu1715\/2024\/04\/20240423_110205-692x1536.jpg 692w, https:\/\/agora.xtec.cat\/ceip-pins\/wp-content\/uploads\/usu1715\/2024\/04\/20240423_110205-923x2048.jpg 923w, https:\/\/agora.xtec.cat\/ceip-pins\/wp-content\/uploads\/usu1715\/2024\/04\/20240423_110205-scaled.jpg 1154w\" sizes=\"auto, (max-width: 135px) 100vw, 135px\" \/><\/p>\n<p>Ballem danses tradicionals catalanes.<\/p>\n<p><img loading=\"lazy\" decoding=\"async\" class=\"aligncenter size-medium wp-image-10492\" src=\"https:\/\/agora.xtec.cat\/ceip-pins\/wp-content\/uploads\/usu1715\/2024\/04\/20240423_104216-300x135.jpg\" alt=\"\" width=\"300\" height=\"135\" srcset=\"https:\/\/agora.xtec.cat\/ceip-pins\/wp-content\/uploads\/usu1715\/2024\/04\/20240423_104216-300x135.jpg 300w, https:\/\/agora.xtec.cat\/ceip-pins\/wp-content\/uploads\/usu1715\/2024\/04\/20240423_104216-1024x462.jpg 1024w, https:\/\/agora.xtec.cat\/ceip-pins\/wp-content\/uploads\/usu1715\/2024\/04\/20240423_104216-768x346.jpg 768w, https:\/\/agora.xtec.cat\/ceip-pins\/wp-content\/uploads\/usu1715\/2024\/04\/20240423_104216-1536x692.jpg 1536w, https:\/\/agora.xtec.cat\/ceip-pins\/wp-content\/uploads\/usu1715\/2024\/04\/20240423_104216-2048x923.jpg 2048w\" sizes=\"auto, (max-width: 300px) 100vw, 300px\" \/><\/p>\n<p><img loading=\"lazy\" decoding=\"async\" class=\"aligncenter size-medium wp-image-10493\" src=\"https:\/\/agora.xtec.cat\/ceip-pins\/wp-content\/uploads\/usu1715\/2024\/04\/20240423_104451-300x135.jpg\" alt=\"\" width=\"300\" height=\"135\" srcset=\"https:\/\/agora.xtec.cat\/ceip-pins\/wp-content\/uploads\/usu1715\/2024\/04\/20240423_104451-300x135.jpg 300w, https:\/\/agora.xtec.cat\/ceip-pins\/wp-content\/uploads\/usu1715\/2024\/04\/20240423_104451-1024x462.jpg 1024w, https:\/\/agora.xtec.cat\/ceip-pins\/wp-content\/uploads\/usu1715\/2024\/04\/20240423_104451-768x346.jpg 768w, https:\/\/agora.xtec.cat\/ceip-pins\/wp-content\/uploads\/usu1715\/2024\/04\/20240423_104451-1536x692.jpg 1536w, https:\/\/agora.xtec.cat\/ceip-pins\/wp-content\/uploads\/usu1715\/2024\/04\/20240423_104451-2048x923.jpg 2048w\" sizes=\"auto, (max-width: 300px) 100vw, 300px\" \/><\/p>\n<p><img loading=\"lazy\" decoding=\"async\" class=\"aligncenter size-medium wp-image-10495\" src=\"https:\/\/agora.xtec.cat\/ceip-pins\/wp-content\/uploads\/usu1715\/2024\/04\/20240423_105018-1-300x135.jpg\" alt=\"\" width=\"300\" height=\"135\" srcset=\"https:\/\/agora.xtec.cat\/ceip-pins\/wp-content\/uploads\/usu1715\/2024\/04\/20240423_105018-1-300x135.jpg 300w, https:\/\/agora.xtec.cat\/ceip-pins\/wp-content\/uploads\/usu1715\/2024\/04\/20240423_105018-1-1024x462.jpg 1024w, https:\/\/agora.xtec.cat\/ceip-pins\/wp-content\/uploads\/usu1715\/2024\/04\/20240423_105018-1-768x346.jpg 768w, https:\/\/agora.xtec.cat\/ceip-pins\/wp-content\/uploads\/usu1715\/2024\/04\/20240423_105018-1-1536x692.jpg 1536w, https:\/\/agora.xtec.cat\/ceip-pins\/wp-content\/uploads\/usu1715\/2024\/04\/20240423_105018-1-2048x923.jpg 2048w\" sizes=\"auto, (max-width: 300px) 100vw, 300px\" \/><\/p>\n<p>Els infants acompanyats de les seves fam\u00edlies han pogut gaudir de diferents propostes de corones dels personatges de la llegenda.<\/p>\n<p><img loading=\"lazy\" decoding=\"async\" class=\"aligncenter size-medium wp-image-10498\" src=\"https:\/\/agora.xtec.cat\/ceip-pins\/wp-content\/uploads\/usu1715\/2024\/04\/WhatsApp-Image-2024-04-24-at-13.32.13-135x300.jpeg\" alt=\"\" width=\"135\" height=\"300\" srcset=\"https:\/\/agora.xtec.cat\/ceip-pins\/wp-content\/uploads\/usu1715\/2024\/04\/WhatsApp-Image-2024-04-24-at-13.32.13-135x300.jpeg 135w, https:\/\/agora.xtec.cat\/ceip-pins\/wp-content\/uploads\/usu1715\/2024\/04\/WhatsApp-Image-2024-04-24-at-13.32.13-461x1024.jpeg 461w, https:\/\/agora.xtec.cat\/ceip-pins\/wp-content\/uploads\/usu1715\/2024\/04\/WhatsApp-Image-2024-04-24-at-13.32.13-692x1536.jpeg 692w, https:\/\/agora.xtec.cat\/ceip-pins\/wp-content\/uploads\/usu1715\/2024\/04\/WhatsApp-Image-2024-04-24-at-13.32.13.jpeg 721w\" sizes=\"auto, (max-width: 135px) 100vw, 135px\" \/><\/p>\n<p>I per acabar la diada, la companyia &#8220;Binixiflat&#8221; ens ha fet gaudir de la hist\u00f2ria de la R\u00ednxols d&#8217;or i els 3 \u00f3ssos.<\/p>\n<p><img loading=\"lazy\" decoding=\"async\" class=\"aligncenter size-medium wp-image-10497\" src=\"https:\/\/agora.xtec.cat\/ceip-pins\/wp-content\/uploads\/usu1715\/2024\/04\/IMG20240423151810-300x225.jpg\" alt=\"\" width=\"300\" height=\"225\" srcset=\"https:\/\/agora.xtec.cat\/ceip-pins\/wp-content\/uploads\/usu1715\/2024\/04\/IMG20240423151810-300x225.jpg 300w, https:\/\/agora.xtec.cat\/ceip-pins\/wp-content\/uploads\/usu1715\/2024\/04\/IMG20240423151810-1024x768.jpg 1024w, https:\/\/agora.xtec.cat\/ceip-pins\/wp-content\/uploads\/usu1715\/2024\/04\/IMG20240423151810-768x576.jpg 768w, https:\/\/agora.xtec.cat\/ceip-pins\/wp-content\/uploads\/usu1715\/2024\/04\/IMG20240423151810-1536x1152.jpg 1536w, https:\/\/agora.xtec.cat\/ceip-pins\/wp-content\/uploads\/usu1715\/2024\/04\/IMG20240423151810-2048x1536.jpg 2048w, https:\/\/agora.xtec.cat\/ceip-pins\/wp-content\/uploads\/usu1715\/2024\/04\/IMG20240423151810-200x150.jpg 200w\" sizes=\"auto, (max-width: 300px) 100vw, 300px\" \/><\/p>\n<p>&nbsp;<\/p>\n<p>&nbsp;<\/p>\n<p>&nbsp;<\/p>\n<p>&nbsp;<\/p>\n<p>&nbsp;<\/p>\n","protected":false},"excerpt":{"rendered":"<p>El 23 d&#8217;abril celebrem la diada de Sant Jordi gaudint de diferents propostes:<br \/>\nExposem les diferents propostes liter\u00e0ries d&#8217;educaci\u00f3 infantil. Entre elles llibres, personatges de la llegenda, roses i punts de llibre realitzats pels infants.<\/p>\n<p>Ballem danses tradicionals catalanes.<\/p>\n<p>Els infants acompanyats de les seves fam\u00edlies han pogut&hellip;  <a href=\"https:\/\/agora.xtec.cat\/ceip-pins\/general\/els-infants-dinfantil-celebrem-sant-jordi-a-lescola\/\" title=\"Read Els infants d&#8217;infantil celebrem Sant Jordi a l&#8217;escola\">Llegeix m\u00e9s\u00bb<\/a><\/p>\n","protected":false},"author":5,"featured_media":10490,"comment_status":"closed","ping_status":"closed","sticky":false,"template":"","format":"standard","meta":{"_bbp_topic_count":0,"_bbp_reply_count":0,"_bbp_total_topic_count":0,"_bbp_total_reply_count":0,"_bbp_voice_count":0,"_bbp_anonymous_reply_count":0,"_bbp_topic_count_hidden":0,"_bbp_reply_count_hidden":0,"_bbp_forum_subforum_count":0,"footnotes":""},"categories":[4,374,1,2],"tags":[377],"class_list":["post-10489","post","type-post","status-publish","format-standard","has-post-thumbnail","hentry","category-portada","category-curs-23-24","category-general","category-infantil","tag-educacio-infantil"],"post_mailing_queue_ids":[],"_links":{"self":[{"href":"https:\/\/agora.xtec.cat\/ceip-pins\/wp-json\/wp\/v2\/posts\/10489","targetHints":{"allow":["GET"]}}],"collection":[{"href":"https:\/\/agora.xtec.cat\/ceip-pins\/wp-json\/wp\/v2\/posts"}],"about":[{"href":"https:\/\/agora.xtec.cat\/ceip-pins\/wp-json\/wp\/v2\/types\/post"}],"author":[{"embeddable":true,"href":"https:\/\/agora.xtec.cat\/ceip-pins\/wp-json\/wp\/v2\/users\/5"}],"replies":[{"embeddable":true,"href":"https:\/\/agora.xtec.cat\/ceip-pins\/wp-json\/wp\/v2\/comments?post=10489"}],"version-history":[{"count":2,"href":"https:\/\/agora.xtec.cat\/ceip-pins\/wp-json\/wp\/v2\/posts\/10489\/revisions"}],"predecessor-version":[{"id":10500,"href":"https:\/\/agora.xtec.cat\/ceip-pins\/wp-json\/wp\/v2\/posts\/10489\/revisions\/10500"}],"wp:featuredmedia":[{"embeddable":true,"href":"https:\/\/agora.xtec.cat\/ceip-pins\/wp-json\/wp\/v2\/media\/10490"}],"wp:attachment":[{"href":"https:\/\/agora.xtec.cat\/ceip-pins\/wp-json\/wp\/v2\/media?parent=10489"}],"wp:term":[{"taxonomy":"category","embeddable":true,"href":"https:\/\/agora.xtec.cat\/ceip-pins\/wp-json\/wp\/v2\/categories?post=10489"},{"taxonomy":"post_tag","embeddable":true,"href":"https:\/\/agora.xtec.cat\/ceip-pins\/wp-json\/wp\/v2\/tags?post=10489"}],"curies":[{"name":"wp","href":"https:\/\/api.w.org\/{rel}","templated":true}]}}