{"id":88,"count":22,"description":"<h3>Blog NATURA:<\/h3>\r\n<h2>Hort i Educaci\u00f3 ambiental<\/h2>\r\n<img class=\"aligncenter size-full wp-image-7654\" src=\"https:\/\/agora.xtec.cat\/ceip-pins\/wp-content\/uploads\/usu1715\/2021\/10\/IMG_20210913_113925.jpg\" alt=\"\" width=\"1629\" height=\"915\" \/>Fent clic aqu\u00ed pots consultar el nostre\u00a0 <a href=\"https:\/\/agora.xtec.cat\/ceip-pins\/wp-content\/uploads\/usu1715\/2021\/10\/PROJECTE-MEDIAMBIENTAL.pdf\">PROJECTE MEDIAMBIENTAL<\/a>!!!\r\n\r\nClicant sobre la seg\u00fcent imatge podr\u00e0s veure la mem\u00f2ria del curs 23-24:\r\n\r\n<a href=\"https:\/\/drive.google.com\/file\/d\/1zg60bIVOeyrni_7sB7mSS4pT53QyrPDS\/view?usp=drive_link\" target=\"_blank\" rel=\"noopener\"><img class=\"aligncenter wp-image-10708 size-full\" src=\"https:\/\/agora.xtec.cat\/ceip-pins\/wp-content\/uploads\/usu1715\/2024\/10\/Memoria-Ed.Amb_.23-24.jpg\" alt=\"\" width=\"1291\" height=\"726\" \/><\/a>","link":"https:\/\/agora.xtec.cat\/ceip-pins\/categoria\/especialitats\/blog-natura\/","name":"Educaci\u00f3 ambiental","slug":"blog-natura","taxonomy":"category","parent":84,"meta":[],"_links":{"self":[{"href":"https:\/\/agora.xtec.cat\/ceip-pins\/wp-json\/wp\/v2\/categories\/88","targetHints":{"allow":["GET"]}}],"collection":[{"href":"https:\/\/agora.xtec.cat\/ceip-pins\/wp-json\/wp\/v2\/categories"}],"about":[{"href":"https:\/\/agora.xtec.cat\/ceip-pins\/wp-json\/wp\/v2\/taxonomies\/category"}],"up":[{"embeddable":true,"href":"https:\/\/agora.xtec.cat\/ceip-pins\/wp-json\/wp\/v2\/categories\/84"}],"wp:post_type":[{"href":"https:\/\/agora.xtec.cat\/ceip-pins\/wp-json\/wp\/v2\/posts?categories=88"}],"curies":[{"name":"wp","href":"https:\/\/api.w.org\/{rel}","templated":true}]}}