{"id":7927,"date":"2026-01-19T13:49:15","date_gmt":"2026-01-19T12:49:15","guid":{"rendered":"https:\/\/agora.xtec.cat\/ceip-peredetera\/?p=7927"},"modified":"2026-01-19T14:00:40","modified_gmt":"2026-01-19T13:00:40","slug":"preinscripcio-curs-26-27","status":"publish","type":"post","link":"https:\/\/agora.xtec.cat\/ceip-peredetera\/general\/preinscripcio-curs-26-27\/","title":{"rendered":"PREINSCRIPCI\u00d3 CURS 26-27"},"content":{"rendered":"<h3 style=\"font-style: normal;\"><a href=\"https:\/\/agora.xtec.cat\/ceip-peredetera\/wp-content\/uploads\/usu1268\/2026\/01\/Cartell-portes-obertes-26.jpg\"><img loading=\"lazy\" decoding=\"async\" class=\"alignleft wp-image-7924 size-medium\" src=\"https:\/\/agora.xtec.cat\/ceip-peredetera\/wp-content\/uploads\/usu1268\/2026\/01\/Cartell-portes-obertes-26-212x300.jpg\" alt=\"\" width=\"212\" height=\"300\" srcset=\"https:\/\/agora.xtec.cat\/ceip-peredetera\/wp-content\/uploads\/usu1268\/2026\/01\/Cartell-portes-obertes-26-212x300.jpg 212w, https:\/\/agora.xtec.cat\/ceip-peredetera\/wp-content\/uploads\/usu1268\/2026\/01\/Cartell-portes-obertes-26-724x1024.jpg 724w, https:\/\/agora.xtec.cat\/ceip-peredetera\/wp-content\/uploads\/usu1268\/2026\/01\/Cartell-portes-obertes-26-768x1086.jpg 768w, https:\/\/agora.xtec.cat\/ceip-peredetera\/wp-content\/uploads\/usu1268\/2026\/01\/Cartell-portes-obertes-26-1086x1536.jpg 1086w, https:\/\/agora.xtec.cat\/ceip-peredetera\/wp-content\/uploads\/usu1268\/2026\/01\/Cartell-portes-obertes-26.jpg 1414w\" sizes=\"auto, (max-width: 212px) 100vw, 212px\" \/><\/a>Benvolgudes fam\u00edlies,\u00a0 \u00a0 \u00a0 \u00a0 \u00a0 \u00a0 \u00a0 \u00a0 \u00a0 \u00a0 \u00a0 \u00a0 \u00a0 \u00a0 \u00a0 \u00a0 \u00a0 \u00a0 \u00a0 \u00a0 \u00a0 \u00a0 \u00a0 \u00a0 \u00a0 \u00a0 \u00a0 \u00a0 \u00a0 \u00a0 \u00a0 \u00a0 \u00a0 \u00a0 \u00a0 \u00a0 \u00a0 \u00a0 \u00a0 \u00a0 \u00a0 \u00a0 \u00a0 \u00a0 \u00a0 \u00a0 \u00a0 \u00a0 \u00a0 \u00a0 \u00a0 \u00a0 \u00a0 \u00a0 \u00a0 \u00a0 el proper 4 de mar\u00e7 s\u2019inicia el per\u00edode de preinscripci\u00f3 escolar per les etapes d\u2019Educaci\u00f3 Infantil i Prim\u00e0ria, i finalitza el 20 de mar\u00e7.\u00a0 \u00a0 \u00a0 \u00a0 \u00a0 \u00a0 \u00a0 \u00a0 \u00a0 \u00a0 \u00a0 \u00a0 \u00a0 \u00a0 \u00a0 \u00a0 \u00a0 \u00a0 \u00a0 \u00a0 \u00a0 \u00a0 \u00a0 \u00a0 \u00a0 \u00a0 \u00a0 \u00a0 \u00a0 \u00a0 \u00a0 \u00a0 \u00a0 \u00a0 \u00a0 \u00a0 \u00a0 \u00a0 \u00a0 \u00a0 \u00a0 \u00a0 \u00a0 \u00a0 \u00a0 \u00a0 \u00a0 \u00a0 \u00a0 \u00a0 \u00a0 \u00a0 Som conscients que \u00e9s un per\u00edode de nervis i neguits ja que cercar, trobar i triar una escola pels vostres fills i filles, \u00e9s un proc\u00e9s important i que preocupa a totes les fam\u00edlies.<\/h3>\n<h4><\/h4>\n<h4>Es tracta de trobar\/ buscar una comunitat i un espai f\u00edsic que pel seu estil, forma de fer i per la l\u00ednia educativa, les fam\u00edlies us sentiu segures i conven\u00e7udes de que \u00e9s el millor lloc pel vostre infant. Per a tothom, l\u2019entrada a l\u2019escola \u00e9s un pas important per al \u00a0desenvolupament personal dels infants i, per tant, voleu prendre la decisi\u00f3 m\u00e9s encertada.<\/h4>\n<h4><\/h4>\n<h4>L\u2019escola Pere de Tera estem orgullosos del nostre projecte educatiu i us el volem presentar.\u00a0 Us volem donar informaci\u00f3 que us faciliti aquesta decisi\u00f3 i la gesti\u00f3 dels tr\u00e0mits.<\/h4>\n<h4><\/h4>\n<h4>Per presentar-nos de forma propera ho fem a trav\u00e9s de la nostra <a href=\"https:\/\/portesobertespdt.wordpress.com\/\">web<\/a> i de 2 jornades de portes obertes.<\/h4>\n<h3><a href=\"https:\/\/docs.google.com\/forms\/d\/1UsgZxZZ3vkRv1f4i-A3ejWRIPFaeuJo57Uc9IAOoJEE\/edit?usp=sharing\">Inscripci\u00f3 a les sessions<\/a><\/h3>\n<p>&nbsp;<\/p>\n<ul>\n<li>\n<h4><strong>El 21 de febrer a les 16:30<\/strong> podreu compartir amb les fam\u00edlies del centre les exposicions de les tasques realitzades pels infants, m\u00e9s presentaci\u00f3 i acompanyament per part de l\u2019equip directiu.<\/h4>\n<\/li>\n<li>\n<h4><strong>El 22 de febrer a les 15:15<\/strong>\u00a0farem una presentaci\u00f3 del centre per part de l\u2019equip directiu i podreu entrar a les aules per veure-les en funcionament.<\/h4>\n<\/li>\n<\/ul>\n<h4>Per nosaltres \u00e9s important acompanyar-vos en el creixement dels vostres fills\/es comen\u00e7ant des del primer moment, i aix\u00f2 vol dir que ja ho volem fer comen\u00e7ant pel proc\u00e9s de preinscripci\u00f3 de cara al curs vinent.<\/h4>\n<h4>Per qualsevol dubte ens podeu contactar al tel\u00e8fon 93.387.01.03\u00a0 (laborables de 9 a 13 hores i de 15 a 16:30 hores).<\/h4>\n<h4>Tamb\u00e9 podeu consultar l\u2019apartat de\u00a0<strong><a href=\"https:\/\/portesobertespdt.wordpress.com\/faq\/\">Preguntes Freq\u00fcents<\/a>\u00a0<\/strong>de la SITE i tamb\u00e9 teniu l\u2019opci\u00f3 d\u2019emplenar aquest\u00a0 <a href=\"https:\/\/forms.gle\/aKCcbfXssYZUwrPC6\"><strong>FORMULARI<\/strong><\/a>\u00a0amb els vostres dubtes i us respondrem el m\u00e9s aviat possible.<\/h4>\n<h4>Hi sou tots molt benvinguts i benvingudes!!<\/h4>\n<h4><\/h4>\n<h4>EL PERE de TERA\u00a0US ENAMORAR\u00c0!<\/h4>\n<p>&nbsp;<\/p>\n<h4>Si vols saber m\u00e9s:<\/h4>\n<ul class=\"n8H08c UVNKR\">\n<li class=\"TYR86d wXCUfe zfr3Q\" dir=\"ltr\">\n<h3 id=\"h.r4lev67guye7\" class=\"CDt4Ke zfr3Q\" dir=\"ltr\"><span class=\" aw5Odc\"><a class=\"XqQF9c\" href=\"https:\/\/www.instagram.com\/escolaperedetera\/\" target=\"_blank\" rel=\"noopener\">Segueix-nos al nostre instagram.<\/a><\/span><\/h3>\n<\/li>\n<li class=\"TYR86d wXCUfe zfr3Q\" dir=\"ltr\">\n<h3 id=\"h.4fvv9a9c1dnx\" class=\"CDt4Ke zfr3Q\" dir=\"ltr\"><span class=\" aw5Odc\"><a class=\"XqQF9c\" href=\"https:\/\/portesobertespdt.wordpress.com\/\" target=\"_blank\" rel=\"noopener\">Segueix-nos a la nostra web de portes obertes.<\/a><\/span><\/h3>\n<\/li>\n<\/ul>\n","protected":false},"excerpt":{"rendered":"<p>Benvolgudes fam\u00edlies,\u00a0 \u00a0 \u00a0 \u00a0 \u00a0 \u00a0 \u00a0 \u00a0 \u00a0 \u00a0 \u00a0 \u00a0 \u00a0 \u00a0 \u00a0 \u00a0 \u00a0 \u00a0 \u00a0 \u00a0 \u00a0 \u00a0 \u00a0 \u00a0 \u00a0 \u00a0 \u00a0 \u00a0 \u00a0 \u00a0 \u00a0 \u00a0 \u00a0 \u00a0 \u00a0 \u00a0 \u00a0 \u00a0 \u00a0 \u00a0 \u00a0 \u00a0 \u00a0 \u00a0 \u00a0 \u00a0 \u00a0 \u00a0 \u00a0 \u00a0 \u00a0 \u00a0 \u00a0 \u00a0 [&hellip;]<\/p>\n","protected":false},"author":1,"featured_media":7924,"comment_status":"closed","ping_status":"open","sticky":false,"template":"","format":"standard","meta":{"_bbp_topic_count":0,"_bbp_reply_count":0,"_bbp_total_topic_count":0,"_bbp_total_reply_count":0,"_bbp_voice_count":0,"_bbp_anonymous_reply_count":0,"_bbp_topic_count_hidden":0,"_bbp_reply_count_hidden":0,"_bbp_forum_subforum_count":0,"site-sidebar-layout":"default","site-content-layout":"","ast-site-content-layout":"default","site-content-style":"default","site-sidebar-style":"default","ast-global-header-display":"","ast-banner-title-visibility":"","ast-main-header-display":"","ast-hfb-above-header-display":"","ast-hfb-below-header-display":"","ast-hfb-mobile-header-display":"","site-post-title":"","ast-breadcrumbs-content":"","ast-featured-img":"","footer-sml-layout":"","theme-transparent-header-meta":"default","adv-header-id-meta":"","stick-header-meta":"","header-above-stick-meta":"","header-main-stick-meta":"","header-below-stick-meta":"","astra-migrate-meta-layouts":"set","ast-page-background-enabled":"default","ast-page-background-meta":{"desktop":{"background-color":"var(--ast-global-color-4)","background-image":"","background-repeat":"repeat","background-position":"center center","background-size":"auto","background-attachment":"scroll","background-type":"","background-media":"","overlay-type":"","overlay-color":"","overlay-opacity":"","overlay-gradient":""},"tablet":{"background-color":"","background-image":"","background-repeat":"repeat","background-position":"center center","background-size":"auto","background-attachment":"scroll","background-type":"","background-media":"","overlay-type":"","overlay-color":"","overlay-opacity":"","overlay-gradient":""},"mobile":{"background-color":"","background-image":"","background-repeat":"repeat","background-position":"center center","background-size":"auto","background-attachment":"scroll","background-type":"","background-media":"","overlay-type":"","overlay-color":"","overlay-opacity":"","overlay-gradient":""}},"ast-content-background-meta":{"desktop":{"background-color":"var(--ast-global-color-5)","background-image":"","background-repeat":"repeat","background-position":"center center","background-size":"auto","background-attachment":"scroll","background-type":"","background-media":"","overlay-type":"","overlay-color":"","overlay-opacity":"","overlay-gradient":""},"tablet":{"background-color":"var(--ast-global-color-5)","background-image":"","background-repeat":"repeat","background-position":"center center","background-size":"auto","background-attachment":"scroll","background-type":"","background-media":"","overlay-type":"","overlay-color":"","overlay-opacity":"","overlay-gradient":""},"mobile":{"background-color":"var(--ast-global-color-5)","background-image":"","background-repeat":"repeat","background-position":"center center","background-size":"auto","background-attachment":"scroll","background-type":"","background-media":"","overlay-type":"","overlay-color":"","overlay-opacity":"","overlay-gradient":""}},"footnotes":""},"categories":[1,4],"tags":[149,536],"class_list":["post-7927","post","type-post","status-publish","format-standard","has-post-thumbnail","hentry","category-general","category-portada","tag-preinscripcio","tag-preinscripcio-26-27"],"post_mailing_queue_ids":[],"_links":{"self":[{"href":"https:\/\/agora.xtec.cat\/ceip-peredetera\/wp-json\/wp\/v2\/posts\/7927","targetHints":{"allow":["GET"]}}],"collection":[{"href":"https:\/\/agora.xtec.cat\/ceip-peredetera\/wp-json\/wp\/v2\/posts"}],"about":[{"href":"https:\/\/agora.xtec.cat\/ceip-peredetera\/wp-json\/wp\/v2\/types\/post"}],"author":[{"embeddable":true,"href":"https:\/\/agora.xtec.cat\/ceip-peredetera\/wp-json\/wp\/v2\/users\/1"}],"replies":[{"embeddable":true,"href":"https:\/\/agora.xtec.cat\/ceip-peredetera\/wp-json\/wp\/v2\/comments?post=7927"}],"version-history":[{"count":5,"href":"https:\/\/agora.xtec.cat\/ceip-peredetera\/wp-json\/wp\/v2\/posts\/7927\/revisions"}],"predecessor-version":[{"id":7932,"href":"https:\/\/agora.xtec.cat\/ceip-peredetera\/wp-json\/wp\/v2\/posts\/7927\/revisions\/7932"}],"wp:featuredmedia":[{"embeddable":true,"href":"https:\/\/agora.xtec.cat\/ceip-peredetera\/wp-json\/wp\/v2\/media\/7924"}],"wp:attachment":[{"href":"https:\/\/agora.xtec.cat\/ceip-peredetera\/wp-json\/wp\/v2\/media?parent=7927"}],"wp:term":[{"taxonomy":"category","embeddable":true,"href":"https:\/\/agora.xtec.cat\/ceip-peredetera\/wp-json\/wp\/v2\/categories?post=7927"},{"taxonomy":"post_tag","embeddable":true,"href":"https:\/\/agora.xtec.cat\/ceip-peredetera\/wp-json\/wp\/v2\/tags?post=7927"}],"curies":[{"name":"wp","href":"https:\/\/api.w.org\/{rel}","templated":true}]}}