{"id":7426,"date":"2024-11-04T09:30:54","date_gmt":"2024-11-04T08:30:54","guid":{"rendered":"https:\/\/agora.xtec.cat\/ceip-peredetera\/?p=7426"},"modified":"2024-12-17T09:57:11","modified_gmt":"2024-12-17T08:57:11","slug":"castanyada-al-pere-de-tera-3","status":"publish","type":"post","link":"https:\/\/agora.xtec.cat\/ceip-peredetera\/general\/castanyada-al-pere-de-tera-3\/","title":{"rendered":"CASTANYADA AL PERE DE TERA"},"content":{"rendered":"<p><a href=\"https:\/\/agora.xtec.cat\/ceip-peredetera\/wp-content\/uploads\/usu1268\/2024\/11\/WhatsApp-Image-2024-12-17-at-09.42.17.jpeg\"><img loading=\"lazy\" decoding=\"async\" class=\"alignleft wp-image-7429\" src=\"https:\/\/agora.xtec.cat\/ceip-peredetera\/wp-content\/uploads\/usu1268\/2024\/11\/WhatsApp-Image-2024-12-17-at-09.42.17-1024x1024.jpeg\" alt=\"\" width=\"235\" height=\"235\" srcset=\"https:\/\/agora.xtec.cat\/ceip-peredetera\/wp-content\/uploads\/usu1268\/2024\/11\/WhatsApp-Image-2024-12-17-at-09.42.17-1024x1024.jpeg 1024w, https:\/\/agora.xtec.cat\/ceip-peredetera\/wp-content\/uploads\/usu1268\/2024\/11\/WhatsApp-Image-2024-12-17-at-09.42.17-300x300.jpeg 300w, https:\/\/agora.xtec.cat\/ceip-peredetera\/wp-content\/uploads\/usu1268\/2024\/11\/WhatsApp-Image-2024-12-17-at-09.42.17-150x150.jpeg 150w, https:\/\/agora.xtec.cat\/ceip-peredetera\/wp-content\/uploads\/usu1268\/2024\/11\/WhatsApp-Image-2024-12-17-at-09.42.17-768x768.jpeg 768w, https:\/\/agora.xtec.cat\/ceip-peredetera\/wp-content\/uploads\/usu1268\/2024\/11\/WhatsApp-Image-2024-12-17-at-09.42.17-1536x1536.jpeg 1536w, https:\/\/agora.xtec.cat\/ceip-peredetera\/wp-content\/uploads\/usu1268\/2024\/11\/WhatsApp-Image-2024-12-17-at-09.42.17.jpeg 2048w\" sizes=\"auto, (max-width: 235px) 100vw, 235px\" \/><\/a>Els infants han fet diferents activitats relacionades amb aquesta festivitat i a la tarda hem fet la tradicional celebraci\u00f3.<\/p>\n<p>Una any m\u00e9s els infants s&#8217;han disfressat de castanyeres i castanyers&#8230; i les fam\u00edlies\u00a0 tamb\u00e9! Les Castanyeres i Castanyers ens han fet el tradicional bany i ens han donat un bon sac de castanyes abans de donar pas a la ballaruca!<\/p>\n<p>Moltes gr\u00e0cies per la vostra ajuda!!<\/p>\n<p>I moltes castanyes, panellets i moniatos per tothom!<\/p>\n<p>Us adjuntem els enlla\u00e7os on trobareu les fotos del dia.<\/p>\n<p>&nbsp;<\/p>\n<table style=\"border-collapse: collapse; width: 100%;\">\n<tbody>\n<tr>\n<td style=\"width: 33.3333%;\"><span style=\"font-size: 16px;\">FOTOS I3<\/span><\/td>\n<td style=\"width: 33.3333%;\">FOTOS I4<\/td>\n<td style=\"width: 33.3333%;\"><span style=\"font-size: 16px;\">FOTOS I5<\/span><\/td>\n<\/tr>\n<tr>\n<td style=\"width: 33.3333%;\"><span style=\"font-size: 16px; background-color: #ffffff;\">FOTOS 1r<\/span><\/td>\n<td style=\"width: 33.3333%;\"><span style=\"font-size: 16px; background-color: #ffffff;\">FOTOS 2n<\/span><\/td>\n<td style=\"width: 33.3333%;\"><span style=\"font-size: 16px; background-color: #ffffff;\">FOTOS 3r<\/span><\/td>\n<\/tr>\n<tr>\n<td style=\"width: 33.3333%;\"><a style=\"color: #2795b6; font-size: 16px;\" href=\"https:\/\/photos.app.goo.gl\/Ubh5gpb4kVpYTF7c7\">FOTOS 4t<\/a><\/td>\n<td style=\"width: 33.3333%;\"><a style=\"color: #2795b6; font-size: 16px;\" href=\"https:\/\/photos.app.goo.gl\/CYgjBjH2gtbzhGXg8\">FOTOS 5\u00e8<\/a><\/td>\n<td style=\"width: 33.3333%;\"><a style=\"color: #2795b6; font-size: 16px;\" href=\"https:\/\/photos.app.goo.gl\/utCifkzgTo46SeuQ8\">FOTOS 6\u00e8<\/a><\/td>\n<\/tr>\n<\/tbody>\n<\/table>\n<p><a href=\"https:\/\/drive.google.com\/drive\/folders\/1r5ffgLphf2-yp8z1cHCHwz6nt9O9l1B8\">FOTOS AMPA<\/a> (Moltes gr\u00e0cies per la sessi\u00f3)<\/p>\n<p>&nbsp;<\/p>\n","protected":false},"excerpt":{"rendered":"<p>Els infants han fet diferents activitats relacionades amb aquesta festivitat i a la tarda hem fet la tradicional celebraci\u00f3. Una any m\u00e9s els infants s&#8217;han disfressat de castanyeres i castanyers&#8230; i les fam\u00edlies\u00a0 tamb\u00e9! Les Castanyeres i Castanyers ens han fet el tradicional bany i ens han donat un bon sac de castanyes abans de [&hellip;]<\/p>\n","protected":false},"author":1,"featured_media":7429,"comment_status":"closed","ping_status":"closed","sticky":false,"template":"","format":"standard","meta":{"_bbp_topic_count":0,"_bbp_reply_count":0,"_bbp_total_topic_count":0,"_bbp_total_reply_count":0,"_bbp_voice_count":0,"_bbp_anonymous_reply_count":0,"_bbp_topic_count_hidden":0,"_bbp_reply_count_hidden":0,"_bbp_forum_subforum_count":0,"site-sidebar-layout":"default","site-content-layout":"","ast-site-content-layout":"","site-content-style":"default","site-sidebar-style":"default","ast-global-header-display":"","ast-banner-title-visibility":"","ast-main-header-display":"","ast-hfb-above-header-display":"","ast-hfb-below-header-display":"","ast-hfb-mobile-header-display":"","site-post-title":"","ast-breadcrumbs-content":"","ast-featured-img":"","footer-sml-layout":"","theme-transparent-header-meta":"","adv-header-id-meta":"","stick-header-meta":"","header-above-stick-meta":"","header-main-stick-meta":"","header-below-stick-meta":"","astra-migrate-meta-layouts":"default","ast-page-background-enabled":"default","ast-page-background-meta":{"desktop":{"background-color":"var(--ast-global-color-4)","background-image":"","background-repeat":"repeat","background-position":"center center","background-size":"auto","background-attachment":"scroll","background-type":"","background-media":"","overlay-type":"","overlay-color":"","overlay-opacity":"","overlay-gradient":""},"tablet":{"background-color":"","background-image":"","background-repeat":"repeat","background-position":"center center","background-size":"auto","background-attachment":"scroll","background-type":"","background-media":"","overlay-type":"","overlay-color":"","overlay-opacity":"","overlay-gradient":""},"mobile":{"background-color":"","background-image":"","background-repeat":"repeat","background-position":"center center","background-size":"auto","background-attachment":"scroll","background-type":"","background-media":"","overlay-type":"","overlay-color":"","overlay-opacity":"","overlay-gradient":""}},"ast-content-background-meta":{"desktop":{"background-color":"var(--ast-global-color-5)","background-image":"","background-repeat":"repeat","background-position":"center center","background-size":"auto","background-attachment":"scroll","background-type":"","background-media":"","overlay-type":"","overlay-color":"","overlay-opacity":"","overlay-gradient":""},"tablet":{"background-color":"var(--ast-global-color-5)","background-image":"","background-repeat":"repeat","background-position":"center center","background-size":"auto","background-attachment":"scroll","background-type":"","background-media":"","overlay-type":"","overlay-color":"","overlay-opacity":"","overlay-gradient":""},"mobile":{"background-color":"var(--ast-global-color-5)","background-image":"","background-repeat":"repeat","background-position":"center center","background-size":"auto","background-attachment":"scroll","background-type":"","background-media":"","overlay-type":"","overlay-color":"","overlay-opacity":"","overlay-gradient":""}},"footnotes":""},"categories":[62,63,61,2,72,1,4],"tags":[86,509],"class_list":["post-7426","post","type-post","status-publish","format-standard","has-post-thumbnail","hentry","category-cm","category-cs","category-ci","category-infantil","category-festes","category-general","category-portada","tag-castanyada","tag-castanyada-24-25-curs-24-25"],"post_mailing_queue_ids":[],"_links":{"self":[{"href":"https:\/\/agora.xtec.cat\/ceip-peredetera\/wp-json\/wp\/v2\/posts\/7426","targetHints":{"allow":["GET"]}}],"collection":[{"href":"https:\/\/agora.xtec.cat\/ceip-peredetera\/wp-json\/wp\/v2\/posts"}],"about":[{"href":"https:\/\/agora.xtec.cat\/ceip-peredetera\/wp-json\/wp\/v2\/types\/post"}],"author":[{"embeddable":true,"href":"https:\/\/agora.xtec.cat\/ceip-peredetera\/wp-json\/wp\/v2\/users\/1"}],"replies":[{"embeddable":true,"href":"https:\/\/agora.xtec.cat\/ceip-peredetera\/wp-json\/wp\/v2\/comments?post=7426"}],"version-history":[{"count":3,"href":"https:\/\/agora.xtec.cat\/ceip-peredetera\/wp-json\/wp\/v2\/posts\/7426\/revisions"}],"predecessor-version":[{"id":7430,"href":"https:\/\/agora.xtec.cat\/ceip-peredetera\/wp-json\/wp\/v2\/posts\/7426\/revisions\/7430"}],"wp:featuredmedia":[{"embeddable":true,"href":"https:\/\/agora.xtec.cat\/ceip-peredetera\/wp-json\/wp\/v2\/media\/7429"}],"wp:attachment":[{"href":"https:\/\/agora.xtec.cat\/ceip-peredetera\/wp-json\/wp\/v2\/media?parent=7426"}],"wp:term":[{"taxonomy":"category","embeddable":true,"href":"https:\/\/agora.xtec.cat\/ceip-peredetera\/wp-json\/wp\/v2\/categories?post=7426"},{"taxonomy":"post_tag","embeddable":true,"href":"https:\/\/agora.xtec.cat\/ceip-peredetera\/wp-json\/wp\/v2\/tags?post=7426"}],"curies":[{"name":"wp","href":"https:\/\/api.w.org\/{rel}","templated":true}]}}