{"id":7423,"date":"2024-12-04T13:08:11","date_gmt":"2024-12-04T12:08:11","guid":{"rendered":"https:\/\/agora.xtec.cat\/ceip-peredetera\/?p=7423"},"modified":"2024-12-04T13:08:11","modified_gmt":"2024-12-04T12:08:11","slug":"castanyada-24-25-comunitat-de-grans","status":"publish","type":"post","link":"https:\/\/agora.xtec.cat\/ceip-peredetera\/primaria\/castanyada-24-25-comunitat-de-grans\/","title":{"rendered":"Castanyada 24-25 Comunitat de grans"},"content":{"rendered":"<p>Benvingudes fam\u00edlies<\/p>\n<p>L\u2019escola ha celebrat, com cada any, un dels dies m\u00e9s assenyalats de la tardor: <strong>LA CASTANYADA.<\/strong> Aquest any la comunitat de grans al mat\u00ed ha dut a terme diferents activitats. Des de manualitats per a la construcci\u00f3 d\u2019un arbre de la tardor\u00a0 fins a la realitzaci\u00f3 de creacions de paisatges amb aquarel\u00b7les d&#8217;aspectes de la tardor.<\/p>\n<p>A la tarda, s\u2019ha realitzat un espai amb contes i representacions \u00a0de terror on l\u2019alumnat ha gaudit molt, sobretot destacar les representacions de 6\u00e8 amb l\u2019obra de teatre que han exposat a la classe.<\/p>\n<p>Per \u00faltim, com cada any, han vingut <strong>els castanyers i castanyeres<\/strong> a repartir a tot l\u2019alumnat el berenar t\u00edpic d\u2019aquest dia tan assenyalat \u00a0com s\u00f3n les castanyes. Han menjat molt i al final han pogut gaudir d\u2019una <strong>jornada plena de tradici\u00f3 i felicitat.<\/strong><\/p>\n<p>Moltes gr\u00e0cies a tothom per participar!!<\/p>\n<p><a href=\"https:\/\/photos.app.goo.gl\/utCifkzgTo46SeuQ8\">6\u00e8 Curs 24-25<\/a><\/p>\n<p><a href=\"https:\/\/photos.app.goo.gl\/CYgjBjH2gtbzhGXg8\">5\u00e8 Curs 24-25<\/a><\/p>\n<p><a href=\"https:\/\/photos.app.goo.gl\/Ubh5gpb4kVpYTF7c7\">4t Curs 24-25<\/a><\/p>\n","protected":false},"excerpt":{"rendered":"<p>Benvingudes fam\u00edlies L\u2019escola ha celebrat, com cada any, un dels dies m\u00e9s assenyalats de la tardor: LA CASTANYADA. Aquest any la comunitat de grans al mat\u00ed ha dut a terme diferents activitats. Des de manualitats per a la construcci\u00f3 d\u2019un arbre de la tardor\u00a0 fins a la realitzaci\u00f3 de creacions de paisatges amb aquarel\u00b7les d&#8217;aspectes [&hellip;]<\/p>\n","protected":false},"author":4,"featured_media":7424,"comment_status":"open","ping_status":"closed","sticky":false,"template":"","format":"standard","meta":{"_bbp_topic_count":0,"_bbp_reply_count":0,"_bbp_total_topic_count":0,"_bbp_total_reply_count":0,"_bbp_voice_count":0,"_bbp_anonymous_reply_count":0,"_bbp_topic_count_hidden":0,"_bbp_reply_count_hidden":0,"_bbp_forum_subforum_count":0,"site-sidebar-layout":"default","site-content-layout":"","ast-site-content-layout":"","site-content-style":"default","site-sidebar-style":"default","ast-global-header-display":"","ast-banner-title-visibility":"","ast-main-header-display":"","ast-hfb-above-header-display":"","ast-hfb-below-header-display":"","ast-hfb-mobile-header-display":"","site-post-title":"","ast-breadcrumbs-content":"","ast-featured-img":"","footer-sml-layout":"","theme-transparent-header-meta":"","adv-header-id-meta":"","stick-header-meta":"","header-above-stick-meta":"","header-main-stick-meta":"","header-below-stick-meta":"","astra-migrate-meta-layouts":"default","ast-page-background-enabled":"default","ast-page-background-meta":{"desktop":{"background-color":"var(--ast-global-color-4)","background-image":"","background-repeat":"repeat","background-position":"center center","background-size":"auto","background-attachment":"scroll","background-type":"","background-media":"","overlay-type":"","overlay-color":"","overlay-opacity":"","overlay-gradient":""},"tablet":{"background-color":"","background-image":"","background-repeat":"repeat","background-position":"center center","background-size":"auto","background-attachment":"scroll","background-type":"","background-media":"","overlay-type":"","overlay-color":"","overlay-opacity":"","overlay-gradient":""},"mobile":{"background-color":"","background-image":"","background-repeat":"repeat","background-position":"center center","background-size":"auto","background-attachment":"scroll","background-type":"","background-media":"","overlay-type":"","overlay-color":"","overlay-opacity":"","overlay-gradient":""}},"ast-content-background-meta":{"desktop":{"background-color":"var(--ast-global-color-5)","background-image":"","background-repeat":"repeat","background-position":"center center","background-size":"auto","background-attachment":"scroll","background-type":"","background-media":"","overlay-type":"","overlay-color":"","overlay-opacity":"","overlay-gradient":""},"tablet":{"background-color":"var(--ast-global-color-5)","background-image":"","background-repeat":"repeat","background-position":"center center","background-size":"auto","background-attachment":"scroll","background-type":"","background-media":"","overlay-type":"","overlay-color":"","overlay-opacity":"","overlay-gradient":""},"mobile":{"background-color":"var(--ast-global-color-5)","background-image":"","background-repeat":"repeat","background-position":"center center","background-size":"auto","background-attachment":"scroll","background-type":"","background-media":"","overlay-type":"","overlay-color":"","overlay-opacity":"","overlay-gradient":""}},"footnotes":""},"categories":[63,72,5],"tags":[],"class_list":["post-7423","post","type-post","status-publish","format-standard","has-post-thumbnail","hentry","category-cs","category-festes","category-primaria"],"post_mailing_queue_ids":[],"_links":{"self":[{"href":"https:\/\/agora.xtec.cat\/ceip-peredetera\/wp-json\/wp\/v2\/posts\/7423","targetHints":{"allow":["GET"]}}],"collection":[{"href":"https:\/\/agora.xtec.cat\/ceip-peredetera\/wp-json\/wp\/v2\/posts"}],"about":[{"href":"https:\/\/agora.xtec.cat\/ceip-peredetera\/wp-json\/wp\/v2\/types\/post"}],"author":[{"embeddable":true,"href":"https:\/\/agora.xtec.cat\/ceip-peredetera\/wp-json\/wp\/v2\/users\/4"}],"replies":[{"embeddable":true,"href":"https:\/\/agora.xtec.cat\/ceip-peredetera\/wp-json\/wp\/v2\/comments?post=7423"}],"version-history":[{"count":1,"href":"https:\/\/agora.xtec.cat\/ceip-peredetera\/wp-json\/wp\/v2\/posts\/7423\/revisions"}],"predecessor-version":[{"id":7425,"href":"https:\/\/agora.xtec.cat\/ceip-peredetera\/wp-json\/wp\/v2\/posts\/7423\/revisions\/7425"}],"wp:featuredmedia":[{"embeddable":true,"href":"https:\/\/agora.xtec.cat\/ceip-peredetera\/wp-json\/wp\/v2\/media\/7424"}],"wp:attachment":[{"href":"https:\/\/agora.xtec.cat\/ceip-peredetera\/wp-json\/wp\/v2\/media?parent=7423"}],"wp:term":[{"taxonomy":"category","embeddable":true,"href":"https:\/\/agora.xtec.cat\/ceip-peredetera\/wp-json\/wp\/v2\/categories?post=7423"},{"taxonomy":"post_tag","embeddable":true,"href":"https:\/\/agora.xtec.cat\/ceip-peredetera\/wp-json\/wp\/v2\/tags?post=7423"}],"curies":[{"name":"wp","href":"https:\/\/api.w.org\/{rel}","templated":true}]}}