{"id":7399,"date":"2024-11-25T17:13:49","date_gmt":"2024-11-25T16:13:49","guid":{"rendered":"https:\/\/agora.xtec.cat\/ceip-peredetera\/?p=7399"},"modified":"2026-04-28T09:34:22","modified_gmt":"2026-04-28T07:34:22","slug":"25n-al-pere-de-tera","status":"publish","type":"post","link":"https:\/\/agora.xtec.cat\/ceip-peredetera\/general\/25n-al-pere-de-tera\/","title":{"rendered":"25N al Pere de Tera"},"content":{"rendered":"<p>El 25 de novembre, Dia Internacional contra la Viol\u00e8ncia de G\u00e8nere, \u00e9s una data important per a conscienciar sobre la viol\u00e8ncia cap a les dones i nenes a tot el m\u00f3n. Tot i que a l&#8217;escola ho treballem de manera sistem\u00e0tica, avui hem fet una menci\u00f3 especial. Al Pere de Tera hem realitzat diverses activitats educatives i de sensibilitzaci\u00f3 per a involucrar els i les alumnes en la reflexi\u00f3 sobre aquest greu problema social.<\/p>\n<p>A partir de contes, v\u00eddeos, obres teatrals i jocs, hem pogut treballar el tema i com est\u00e0 present al nostre dia a dia. Han sortit unes reflexions molt bones que hem compartit entre els companys\/es.<\/p>\n<p>Per acabar el dia, tots els infants ens emportem unes ulleres per veure a trav\u00e9s d&#8217;una finestra lila i tot el que aix\u00f2 envolta.<\/p>\n<p>Us deixem unes\u00a0<a href=\"https:\/\/photos.app.goo.gl\/hqz6ZyzkqVLu9Q2s7\">fotos<\/a> perqu\u00e8 veieu que b\u00e9 ens ha quedat!!<\/p>\n<p><a href=\"https:\/\/agora.xtec.cat\/ceip-peredetera\/wp-content\/uploads\/usu1268\/2024\/11\/13a99a86-d14e-4fbd-8d1f-a3072b9de53e-1.jpeg\"><img loading=\"lazy\" decoding=\"async\" class=\"size-medium wp-image-7416 aligncenter\" src=\"https:\/\/agora.xtec.cat\/ceip-peredetera\/wp-content\/uploads\/usu1268\/2024\/11\/13a99a86-d14e-4fbd-8d1f-a3072b9de53e-1-225x300.jpeg\" alt=\"\" width=\"225\" height=\"300\" srcset=\"https:\/\/agora.xtec.cat\/ceip-peredetera\/wp-content\/uploads\/usu1268\/2024\/11\/13a99a86-d14e-4fbd-8d1f-a3072b9de53e-1-225x300.jpeg 225w, https:\/\/agora.xtec.cat\/ceip-peredetera\/wp-content\/uploads\/usu1268\/2024\/11\/13a99a86-d14e-4fbd-8d1f-a3072b9de53e-1-768x1024.jpeg 768w, https:\/\/agora.xtec.cat\/ceip-peredetera\/wp-content\/uploads\/usu1268\/2024\/11\/13a99a86-d14e-4fbd-8d1f-a3072b9de53e-1-1152x1536.jpeg 1152w, https:\/\/agora.xtec.cat\/ceip-peredetera\/wp-content\/uploads\/usu1268\/2024\/11\/13a99a86-d14e-4fbd-8d1f-a3072b9de53e-1.jpeg 1200w\" sizes=\"auto, (max-width: 225px) 100vw, 225px\" \/><\/a><\/p>\n","protected":false},"excerpt":{"rendered":"<p>El 25 de novembre, Dia Internacional contra la Viol\u00e8ncia de G\u00e8nere, \u00e9s una data important per a conscienciar sobre la viol\u00e8ncia cap a les dones i nenes a tot el m\u00f3n. Tot i que a l&#8217;escola ho treballem de manera sistem\u00e0tica, avui hem fet una menci\u00f3 especial. Al Pere de Tera hem realitzat diverses activitats [&hellip;]<\/p>\n","protected":false},"author":4,"featured_media":7413,"comment_status":"closed","ping_status":"closed","sticky":false,"template":"","format":"standard","meta":{"_bbp_topic_count":0,"_bbp_reply_count":0,"_bbp_total_topic_count":0,"_bbp_total_reply_count":0,"_bbp_voice_count":0,"_bbp_anonymous_reply_count":0,"_bbp_topic_count_hidden":0,"_bbp_reply_count_hidden":0,"_bbp_forum_subforum_count":0,"site-sidebar-layout":"default","site-content-layout":"","ast-site-content-layout":"","site-content-style":"default","site-sidebar-style":"default","ast-global-header-display":"","ast-banner-title-visibility":"","ast-main-header-display":"","ast-hfb-above-header-display":"","ast-hfb-below-header-display":"","ast-hfb-mobile-header-display":"","site-post-title":"","ast-breadcrumbs-content":"","ast-featured-img":"","footer-sml-layout":"","theme-transparent-header-meta":"","adv-header-id-meta":"","stick-header-meta":"","header-above-stick-meta":"","header-main-stick-meta":"","header-below-stick-meta":"","astra-migrate-meta-layouts":"default","ast-page-background-enabled":"default","ast-page-background-meta":{"desktop":{"background-color":"var(--ast-global-color-4)","background-image":"","background-repeat":"repeat","background-position":"center center","background-size":"auto","background-attachment":"scroll","background-type":"","background-media":"","overlay-type":"","overlay-color":"","overlay-opacity":"","overlay-gradient":""},"tablet":{"background-color":"","background-image":"","background-repeat":"repeat","background-position":"center center","background-size":"auto","background-attachment":"scroll","background-type":"","background-media":"","overlay-type":"","overlay-color":"","overlay-opacity":"","overlay-gradient":""},"mobile":{"background-color":"","background-image":"","background-repeat":"repeat","background-position":"center center","background-size":"auto","background-attachment":"scroll","background-type":"","background-media":"","overlay-type":"","overlay-color":"","overlay-opacity":"","overlay-gradient":""}},"ast-content-background-meta":{"desktop":{"background-color":"var(--ast-global-color-5)","background-image":"","background-repeat":"repeat","background-position":"center center","background-size":"auto","background-attachment":"scroll","background-type":"","background-media":"","overlay-type":"","overlay-color":"","overlay-opacity":"","overlay-gradient":""},"tablet":{"background-color":"var(--ast-global-color-5)","background-image":"","background-repeat":"repeat","background-position":"center center","background-size":"auto","background-attachment":"scroll","background-type":"","background-media":"","overlay-type":"","overlay-color":"","overlay-opacity":"","overlay-gradient":""},"mobile":{"background-color":"var(--ast-global-color-5)","background-image":"","background-repeat":"repeat","background-position":"center center","background-size":"auto","background-attachment":"scroll","background-type":"","background-media":"","overlay-type":"","overlay-color":"","overlay-opacity":"","overlay-gradient":""}},"footnotes":""},"categories":[353,354,318,319,198,199,3,8,59,9,60,63,61,2,1,505,506,487,488,436,437,4,5,540],"tags":[485,508],"class_list":["post-7399","post","type-post","status-publish","format-standard","has-post-thumbnail","hentry","category-1a-cm","category-1b-cm","category-2a-cm","category-2b-cm","category-3a-cm","category-3b-cm","category-4a-cg","category-4b-cg","category-5-cg","category-6a-cg","category-6b-cg","category-cs","category-ci","category-infantil","category-general","category-i3a-p","category-i3b-cp","category-i4a-cp","category-i4b-cp","category-i5a-cp","category-i5b-cp","category-portada","category-primaria","category-promocio-2013","tag-25n","tag-curs-24-25"],"post_mailing_queue_ids":[],"_links":{"self":[{"href":"https:\/\/agora.xtec.cat\/ceip-peredetera\/wp-json\/wp\/v2\/posts\/7399","targetHints":{"allow":["GET"]}}],"collection":[{"href":"https:\/\/agora.xtec.cat\/ceip-peredetera\/wp-json\/wp\/v2\/posts"}],"about":[{"href":"https:\/\/agora.xtec.cat\/ceip-peredetera\/wp-json\/wp\/v2\/types\/post"}],"author":[{"embeddable":true,"href":"https:\/\/agora.xtec.cat\/ceip-peredetera\/wp-json\/wp\/v2\/users\/4"}],"replies":[{"embeddable":true,"href":"https:\/\/agora.xtec.cat\/ceip-peredetera\/wp-json\/wp\/v2\/comments?post=7399"}],"version-history":[{"count":2,"href":"https:\/\/agora.xtec.cat\/ceip-peredetera\/wp-json\/wp\/v2\/posts\/7399\/revisions"}],"predecessor-version":[{"id":7417,"href":"https:\/\/agora.xtec.cat\/ceip-peredetera\/wp-json\/wp\/v2\/posts\/7399\/revisions\/7417"}],"wp:featuredmedia":[{"embeddable":true,"href":"https:\/\/agora.xtec.cat\/ceip-peredetera\/wp-json\/wp\/v2\/media\/7413"}],"wp:attachment":[{"href":"https:\/\/agora.xtec.cat\/ceip-peredetera\/wp-json\/wp\/v2\/media?parent=7399"}],"wp:term":[{"taxonomy":"category","embeddable":true,"href":"https:\/\/agora.xtec.cat\/ceip-peredetera\/wp-json\/wp\/v2\/categories?post=7399"},{"taxonomy":"post_tag","embeddable":true,"href":"https:\/\/agora.xtec.cat\/ceip-peredetera\/wp-json\/wp\/v2\/tags?post=7399"}],"curies":[{"name":"wp","href":"https:\/\/api.w.org\/{rel}","templated":true}]}}