{"id":7212,"date":"2024-01-08T10:23:57","date_gmt":"2024-01-08T09:23:57","guid":{"rendered":"https:\/\/agora.xtec.cat\/ceip-peredetera\/?p=7212"},"modified":"2026-04-28T09:34:22","modified_gmt":"2026-04-28T07:34:22","slug":"concert-de-nadal","status":"publish","type":"post","link":"https:\/\/agora.xtec.cat\/ceip-peredetera\/general\/concert-de-nadal\/","title":{"rendered":"Concert de Nadal"},"content":{"rendered":"<p><a href=\"https:\/\/agora.xtec.cat\/ceip-peredetera\/wp-content\/uploads\/usu1268\/2024\/01\/nadales-foto.png\"><img loading=\"lazy\" decoding=\"async\" class=\"alignleft wp-image-7213\" src=\"https:\/\/agora.xtec.cat\/ceip-peredetera\/wp-content\/uploads\/usu1268\/2024\/01\/nadales-foto-724x1024.png\" alt=\"\" width=\"369\" height=\"522\" srcset=\"https:\/\/agora.xtec.cat\/ceip-peredetera\/wp-content\/uploads\/usu1268\/2024\/01\/nadales-foto-724x1024.png 724w, https:\/\/agora.xtec.cat\/ceip-peredetera\/wp-content\/uploads\/usu1268\/2024\/01\/nadales-foto-212x300.png 212w, https:\/\/agora.xtec.cat\/ceip-peredetera\/wp-content\/uploads\/usu1268\/2024\/01\/nadales-foto-768x1086.png 768w, https:\/\/agora.xtec.cat\/ceip-peredetera\/wp-content\/uploads\/usu1268\/2024\/01\/nadales-foto-1086x1536.png 1086w, https:\/\/agora.xtec.cat\/ceip-peredetera\/wp-content\/uploads\/usu1268\/2024\/01\/nadales-foto.png 1414w\" sizes=\"auto, (max-width: 369px) 100vw, 369px\" \/><\/a>Estimades fam\u00edlies,<\/p>\n<p>com ja sabeu, el dia 20 de desembre es va celebrar al Teatre Blas Infante el concert de Nadal. Aqu\u00ed teniu els v\u00eddeos de cada nivell:<\/p>\n<p><a href=\"https:\/\/youtu.be\/HEnoX_fiHF8\" target=\"_blank\" rel=\"noopener\">I3 &#8211; NEUS A LES MUNTANYES i JO QUE S\u00d3C TAN PETITA<\/a><\/p>\n<p><a href=\"https:\/\/youtu.be\/FIIBymC_LIA\" target=\"_blank\" rel=\"noopener\">I4 &#8211; UN ARBRE AMB BOLETES i A L&#8217;HIVERN FA FRED<\/a><\/p>\n<p><a href=\"https:\/\/youtu.be\/gg6orvo_hoE\" target=\"_blank\" rel=\"noopener\">I5 &#8211; NADAL A L&#8217;ESTIU, LA NEU TAN BLANCA i HOT CHOCOLATE<\/a><\/p>\n<p><a href=\"https:\/\/youtu.be\/dfVAz3_xAeY\" target=\"_blank\" rel=\"noopener\">1r &#8211; ELS CAMELLS i S-A-N-T-A<\/a><\/p>\n<p><a href=\"https:\/\/youtu.be\/CS7XySq4g3E\" target=\"_blank\" rel=\"noopener\">2n &#8211; EL NINOT DE NEU i THE REINDEER DANCE<\/a><\/p>\n<p><a href=\"https:\/\/youtu.be\/j6KI_YbQaJk\" target=\"_blank\" rel=\"noopener\">3r &#8211; CAGA TI\u00d3 i REINDEER HOKEY POKEY DANCE<\/a><\/p>\n<p><a href=\"https:\/\/youtu.be\/FAcolryPYho\" target=\"_blank\" rel=\"noopener\">4t &#8211; BON NADAL i RUDOLPH THE RED NOSED REINDEER<\/a><\/p>\n<p><a href=\"https:\/\/youtu.be\/45HI8JOxTF0\" target=\"_blank\" rel=\"noopener\">5\u00e8 &#8211; VOLDRIA PASSAR UN NADAL COM CAL i ROCKIN&#8217; AROUND THE CHRISTMAS TREE<\/a><\/p>\n<p><a href=\"https:\/\/youtu.be\/ILqej4w4j3w\" target=\"_blank\" rel=\"noopener\">6\u00e8 &#8211; VA NEVANT, VA NEVANT i IT&#8217;S CHRISTMAS TIME<\/a><\/p>\n","protected":false},"excerpt":{"rendered":"<p>Estimades fam\u00edlies, com ja sabeu, el dia 20 de desembre es va celebrar al Teatre Blas Infante el concert de Nadal. Aqu\u00ed teniu els v\u00eddeos de cada nivell: I3 &#8211; NEUS A LES MUNTANYES i JO QUE S\u00d3C TAN PETITA I4 &#8211; UN ARBRE AMB BOLETES i A L&#8217;HIVERN FA FRED I5 &#8211; NADAL A [&hellip;]<\/p>\n","protected":false},"author":4,"featured_media":7213,"comment_status":"closed","ping_status":"closed","sticky":false,"template":"","format":"standard","meta":{"_bbp_topic_count":0,"_bbp_reply_count":0,"_bbp_total_topic_count":0,"_bbp_total_reply_count":0,"_bbp_voice_count":0,"_bbp_anonymous_reply_count":0,"_bbp_topic_count_hidden":0,"_bbp_reply_count_hidden":0,"_bbp_forum_subforum_count":0,"site-sidebar-layout":"default","site-content-layout":"","ast-site-content-layout":"","site-content-style":"default","site-sidebar-style":"default","ast-global-header-display":"","ast-banner-title-visibility":"","ast-main-header-display":"","ast-hfb-above-header-display":"","ast-hfb-below-header-display":"","ast-hfb-mobile-header-display":"","site-post-title":"","ast-breadcrumbs-content":"","ast-featured-img":"","footer-sml-layout":"","theme-transparent-header-meta":"","adv-header-id-meta":"","stick-header-meta":"","header-above-stick-meta":"","header-main-stick-meta":"","header-below-stick-meta":"","astra-migrate-meta-layouts":"default","ast-page-background-enabled":"default","ast-page-background-meta":{"desktop":{"background-color":"var(--ast-global-color-4)","background-image":"","background-repeat":"repeat","background-position":"center center","background-size":"auto","background-attachment":"scroll","background-type":"","background-media":"","overlay-type":"","overlay-color":"","overlay-opacity":"","overlay-gradient":""},"tablet":{"background-color":"","background-image":"","background-repeat":"repeat","background-position":"center center","background-size":"auto","background-attachment":"scroll","background-type":"","background-media":"","overlay-type":"","overlay-color":"","overlay-opacity":"","overlay-gradient":""},"mobile":{"background-color":"","background-image":"","background-repeat":"repeat","background-position":"center center","background-size":"auto","background-attachment":"scroll","background-type":"","background-media":"","overlay-type":"","overlay-color":"","overlay-opacity":"","overlay-gradient":""}},"ast-content-background-meta":{"desktop":{"background-color":"var(--ast-global-color-5)","background-image":"","background-repeat":"repeat","background-position":"center center","background-size":"auto","background-attachment":"scroll","background-type":"","background-media":"","overlay-type":"","overlay-color":"","overlay-opacity":"","overlay-gradient":""},"tablet":{"background-color":"var(--ast-global-color-5)","background-image":"","background-repeat":"repeat","background-position":"center center","background-size":"auto","background-attachment":"scroll","background-type":"","background-media":"","overlay-type":"","overlay-color":"","overlay-opacity":"","overlay-gradient":""},"mobile":{"background-color":"var(--ast-global-color-5)","background-image":"","background-repeat":"repeat","background-position":"center center","background-size":"auto","background-attachment":"scroll","background-type":"","background-media":"","overlay-type":"","overlay-color":"","overlay-opacity":"","overlay-gradient":""}},"footnotes":""},"categories":[353,354,318,319,198,199,3,8,59,9,10,60,64,63,61,2,72,1,487,488,436,437,76,4,5,540],"tags":[308,489,483,84,101],"class_list":["post-7212","post","type-post","status-publish","format-standard","has-post-thumbnail","hentry","category-1a-cm","category-1b-cm","category-2a-cm","category-2b-cm","category-3a-cm","category-3b-cm","category-4a-cg","category-4b-cg","category-5-cg","category-6a-cg","category-5a-cs","category-6b-cg","category-5b-cs","category-cs","category-ci","category-infantil","category-festes","category-general","category-i4a-cp","category-i4b-cp","category-i5a-cp","category-i5b-cp","category-musica","category-portada","category-primaria","category-promocio-2013","tag-concert-nadal","tag-concert-nadal-23-24","tag-curs-23-24","tag-nadal","tag-nadales"],"post_mailing_queue_ids":[],"_links":{"self":[{"href":"https:\/\/agora.xtec.cat\/ceip-peredetera\/wp-json\/wp\/v2\/posts\/7212","targetHints":{"allow":["GET"]}}],"collection":[{"href":"https:\/\/agora.xtec.cat\/ceip-peredetera\/wp-json\/wp\/v2\/posts"}],"about":[{"href":"https:\/\/agora.xtec.cat\/ceip-peredetera\/wp-json\/wp\/v2\/types\/post"}],"author":[{"embeddable":true,"href":"https:\/\/agora.xtec.cat\/ceip-peredetera\/wp-json\/wp\/v2\/users\/4"}],"replies":[{"embeddable":true,"href":"https:\/\/agora.xtec.cat\/ceip-peredetera\/wp-json\/wp\/v2\/comments?post=7212"}],"version-history":[{"count":3,"href":"https:\/\/agora.xtec.cat\/ceip-peredetera\/wp-json\/wp\/v2\/posts\/7212\/revisions"}],"predecessor-version":[{"id":7366,"href":"https:\/\/agora.xtec.cat\/ceip-peredetera\/wp-json\/wp\/v2\/posts\/7212\/revisions\/7366"}],"wp:featuredmedia":[{"embeddable":true,"href":"https:\/\/agora.xtec.cat\/ceip-peredetera\/wp-json\/wp\/v2\/media\/7213"}],"wp:attachment":[{"href":"https:\/\/agora.xtec.cat\/ceip-peredetera\/wp-json\/wp\/v2\/media?parent=7212"}],"wp:term":[{"taxonomy":"category","embeddable":true,"href":"https:\/\/agora.xtec.cat\/ceip-peredetera\/wp-json\/wp\/v2\/categories?post=7212"},{"taxonomy":"post_tag","embeddable":true,"href":"https:\/\/agora.xtec.cat\/ceip-peredetera\/wp-json\/wp\/v2\/tags?post=7212"}],"curies":[{"name":"wp","href":"https:\/\/api.w.org\/{rel}","templated":true}]}}