{"id":7138,"date":"2023-11-01T11:18:33","date_gmt":"2023-11-01T10:18:33","guid":{"rendered":"https:\/\/agora.xtec.cat\/ceip-peredetera\/?p=7138"},"modified":"2026-04-28T09:34:23","modified_gmt":"2026-04-28T07:34:23","slug":"castanyada-al-pere-de-tera-2","status":"publish","type":"post","link":"https:\/\/agora.xtec.cat\/ceip-peredetera\/general\/castanyada-al-pere-de-tera-2\/","title":{"rendered":"CASTANYADA AL PERE DE TERA"},"content":{"rendered":"<p>Aques<a href=\"https:\/\/agora.xtec.cat\/ceip-peredetera\/wp-content\/uploads\/usu1268\/2023\/11\/WhatsApp-Image-2023-11-28-at-11.19.35.jpeg\"><img loading=\"lazy\" decoding=\"async\" class=\"wp-image-7139 alignleft\" src=\"https:\/\/agora.xtec.cat\/ceip-peredetera\/wp-content\/uploads\/usu1268\/2023\/11\/WhatsApp-Image-2023-11-28-at-11.19.35-1024x1024.jpeg\" alt=\"\" width=\"477\" height=\"477\" srcset=\"https:\/\/agora.xtec.cat\/ceip-peredetera\/wp-content\/uploads\/usu1268\/2023\/11\/WhatsApp-Image-2023-11-28-at-11.19.35-1024x1024.jpeg 1024w, https:\/\/agora.xtec.cat\/ceip-peredetera\/wp-content\/uploads\/usu1268\/2023\/11\/WhatsApp-Image-2023-11-28-at-11.19.35-300x300.jpeg 300w, https:\/\/agora.xtec.cat\/ceip-peredetera\/wp-content\/uploads\/usu1268\/2023\/11\/WhatsApp-Image-2023-11-28-at-11.19.35-150x150.jpeg 150w, https:\/\/agora.xtec.cat\/ceip-peredetera\/wp-content\/uploads\/usu1268\/2023\/11\/WhatsApp-Image-2023-11-28-at-11.19.35-768x768.jpeg 768w, https:\/\/agora.xtec.cat\/ceip-peredetera\/wp-content\/uploads\/usu1268\/2023\/11\/WhatsApp-Image-2023-11-28-at-11.19.35-1536x1536.jpeg 1536w, https:\/\/agora.xtec.cat\/ceip-peredetera\/wp-content\/uploads\/usu1268\/2023\/11\/WhatsApp-Image-2023-11-28-at-11.19.35.jpeg 2048w\" sizes=\"auto, (max-width: 477px) 100vw, 477px\" \/><\/a>t dimarts dia 31 hem celebrat la Castanyada a l&#8217;escola.<\/p>\n<p>Els infants han fet diferents activitats relacionades amb aquesta festivitat i a la tarda hem fet la tradicional celebraci\u00f3 al pati amb una mica de m\u00fasica i moltes castanyades amb l&#8217;ajuda de les &#8220;CASTANYERES I CASTANYERS DEL PERE DE TERA&#8221;<\/p>\n<p>Moltes gr\u00e0cies per la vostra ajuda!!<\/p>\n<p>I moltes castanyes, panellets i moniatos per tothom!<\/p>\n<p>&nbsp;<\/p>\n<p>&nbsp;<\/p>\n","protected":false},"excerpt":{"rendered":"<p>Aquest dimarts dia 31 hem celebrat la Castanyada a l&#8217;escola. Els infants han fet diferents activitats relacionades amb aquesta festivitat i a la tarda hem fet la tradicional celebraci\u00f3 al pati amb una mica de m\u00fasica i moltes castanyades amb l&#8217;ajuda de les &#8220;CASTANYERES I CASTANYERS DEL PERE DE TERA&#8221; Moltes gr\u00e0cies per la vostra [&hellip;]<\/p>\n","protected":false},"author":1,"featured_media":7139,"comment_status":"closed","ping_status":"closed","sticky":false,"template":"","format":"standard","meta":{"_bbp_topic_count":0,"_bbp_reply_count":0,"_bbp_total_topic_count":0,"_bbp_total_reply_count":0,"_bbp_voice_count":0,"_bbp_anonymous_reply_count":0,"_bbp_topic_count_hidden":0,"_bbp_reply_count_hidden":0,"_bbp_forum_subforum_count":0,"site-sidebar-layout":"default","site-content-layout":"","ast-site-content-layout":"","site-content-style":"default","site-sidebar-style":"default","ast-global-header-display":"","ast-banner-title-visibility":"","ast-main-header-display":"","ast-hfb-above-header-display":"","ast-hfb-below-header-display":"","ast-hfb-mobile-header-display":"","site-post-title":"","ast-breadcrumbs-content":"","ast-featured-img":"","footer-sml-layout":"","theme-transparent-header-meta":"","adv-header-id-meta":"","stick-header-meta":"","header-above-stick-meta":"","header-main-stick-meta":"","header-below-stick-meta":"","astra-migrate-meta-layouts":"default","ast-page-background-enabled":"default","ast-page-background-meta":{"desktop":{"background-color":"var(--ast-global-color-4)","background-image":"","background-repeat":"repeat","background-position":"center center","background-size":"auto","background-attachment":"scroll","background-type":"","background-media":"","overlay-type":"","overlay-color":"","overlay-opacity":"","overlay-gradient":""},"tablet":{"background-color":"","background-image":"","background-repeat":"repeat","background-position":"center center","background-size":"auto","background-attachment":"scroll","background-type":"","background-media":"","overlay-type":"","overlay-color":"","overlay-opacity":"","overlay-gradient":""},"mobile":{"background-color":"","background-image":"","background-repeat":"repeat","background-position":"center center","background-size":"auto","background-attachment":"scroll","background-type":"","background-media":"","overlay-type":"","overlay-color":"","overlay-opacity":"","overlay-gradient":""}},"ast-content-background-meta":{"desktop":{"background-color":"var(--ast-global-color-5)","background-image":"","background-repeat":"repeat","background-position":"center center","background-size":"auto","background-attachment":"scroll","background-type":"","background-media":"","overlay-type":"","overlay-color":"","overlay-opacity":"","overlay-gradient":""},"tablet":{"background-color":"var(--ast-global-color-5)","background-image":"","background-repeat":"repeat","background-position":"center center","background-size":"auto","background-attachment":"scroll","background-type":"","background-media":"","overlay-type":"","overlay-color":"","overlay-opacity":"","overlay-gradient":""},"mobile":{"background-color":"var(--ast-global-color-5)","background-image":"","background-repeat":"repeat","background-position":"center center","background-size":"auto","background-attachment":"scroll","background-type":"","background-media":"","overlay-type":"","overlay-color":"","overlay-opacity":"","overlay-gradient":""}},"footnotes":""},"categories":[353,354,318,319,198,199,3,8,59,9,10,60,64,62,63,61,2,72,1,487,488,436,437,4,5,540],"tags":[86,486,483],"class_list":["post-7138","post","type-post","status-publish","format-standard","has-post-thumbnail","hentry","category-1a-cm","category-1b-cm","category-2a-cm","category-2b-cm","category-3a-cm","category-3b-cm","category-4a-cg","category-4b-cg","category-5-cg","category-6a-cg","category-5a-cs","category-6b-cg","category-5b-cs","category-cm","category-cs","category-ci","category-infantil","category-festes","category-general","category-i4a-cp","category-i4b-cp","category-i5a-cp","category-i5b-cp","category-portada","category-primaria","category-promocio-2013","tag-castanyada","tag-castanyada-23","tag-curs-23-24"],"post_mailing_queue_ids":[],"_links":{"self":[{"href":"https:\/\/agora.xtec.cat\/ceip-peredetera\/wp-json\/wp\/v2\/posts\/7138","targetHints":{"allow":["GET"]}}],"collection":[{"href":"https:\/\/agora.xtec.cat\/ceip-peredetera\/wp-json\/wp\/v2\/posts"}],"about":[{"href":"https:\/\/agora.xtec.cat\/ceip-peredetera\/wp-json\/wp\/v2\/types\/post"}],"author":[{"embeddable":true,"href":"https:\/\/agora.xtec.cat\/ceip-peredetera\/wp-json\/wp\/v2\/users\/1"}],"replies":[{"embeddable":true,"href":"https:\/\/agora.xtec.cat\/ceip-peredetera\/wp-json\/wp\/v2\/comments?post=7138"}],"version-history":[{"count":3,"href":"https:\/\/agora.xtec.cat\/ceip-peredetera\/wp-json\/wp\/v2\/posts\/7138\/revisions"}],"predecessor-version":[{"id":7367,"href":"https:\/\/agora.xtec.cat\/ceip-peredetera\/wp-json\/wp\/v2\/posts\/7138\/revisions\/7367"}],"wp:featuredmedia":[{"embeddable":true,"href":"https:\/\/agora.xtec.cat\/ceip-peredetera\/wp-json\/wp\/v2\/media\/7139"}],"wp:attachment":[{"href":"https:\/\/agora.xtec.cat\/ceip-peredetera\/wp-json\/wp\/v2\/media?parent=7138"}],"wp:term":[{"taxonomy":"category","embeddable":true,"href":"https:\/\/agora.xtec.cat\/ceip-peredetera\/wp-json\/wp\/v2\/categories?post=7138"},{"taxonomy":"post_tag","embeddable":true,"href":"https:\/\/agora.xtec.cat\/ceip-peredetera\/wp-json\/wp\/v2\/tags?post=7138"}],"curies":[{"name":"wp","href":"https:\/\/api.w.org\/{rel}","templated":true}]}}