{"id":6980,"date":"2023-04-24T09:00:56","date_gmt":"2023-04-24T07:00:56","guid":{"rendered":"https:\/\/agora.xtec.cat\/ceip-peredetera\/?p=6980"},"modified":"2023-04-24T09:55:37","modified_gmt":"2023-04-24T07:55:37","slug":"poemes-sant-jordi-2023","status":"publish","type":"post","link":"https:\/\/agora.xtec.cat\/ceip-peredetera\/general\/poemes-sant-jordi-2023\/","title":{"rendered":"Poemes Sant Jordi 2023"},"content":{"rendered":"<p>Estimades fam\u00edlies,<\/p>\n<p>Tot seguit podeu mirar el v\u00eddeo que hem elaborat amb els poemes que ens heu fet arribar amb motiu de la Setmana Liter\u00e0ria. Us volem agrair la vostra participaci\u00f3, sense vosaltres no podr\u00edem fer aquestes activitats tan enriquidores per a tota la comunitat.<\/p>\n<p>Gr\u00e0cies de tot cor. Us desitgem una feli\u00e7 Diada de Sant Jordi!<\/p>\n<p><a href=\"https:\/\/drive.google.com\/file\/d\/1EQFSzJQvGnE6hUWoelOs-btH6wCIe8AA\/view?usp=sharing\">V\u00eddeo Poemes 22-23<\/a><\/p>\n<p><a href=\"https:\/\/agora.xtec.cat\/ceip-peredetera\/wp-content\/uploads\/usu1268\/2023\/04\/IMG-3049-e1682322916857.png\"><img loading=\"lazy\" decoding=\"async\" class=\"alignnone size-large wp-image-6995\" src=\"https:\/\/agora.xtec.cat\/ceip-peredetera\/wp-content\/uploads\/usu1268\/2023\/04\/IMG-3049-e1682322916857-1024x599.png\" alt=\"\" width=\"1024\" height=\"599\" srcset=\"https:\/\/agora.xtec.cat\/ceip-peredetera\/wp-content\/uploads\/usu1268\/2023\/04\/IMG-3049-e1682322916857-1024x599.png 1024w, https:\/\/agora.xtec.cat\/ceip-peredetera\/wp-content\/uploads\/usu1268\/2023\/04\/IMG-3049-e1682322916857-300x176.png 300w, https:\/\/agora.xtec.cat\/ceip-peredetera\/wp-content\/uploads\/usu1268\/2023\/04\/IMG-3049-e1682322916857-768x449.png 768w, https:\/\/agora.xtec.cat\/ceip-peredetera\/wp-content\/uploads\/usu1268\/2023\/04\/IMG-3049-e1682322916857-1536x899.png 1536w, https:\/\/agora.xtec.cat\/ceip-peredetera\/wp-content\/uploads\/usu1268\/2023\/04\/IMG-3049-e1682322916857.png 2000w\" sizes=\"auto, (max-width: 1024px) 100vw, 1024px\" \/><\/a><\/p>\n<p>&nbsp;<\/p>\n","protected":false},"excerpt":{"rendered":"<p>Estimades fam\u00edlies, Tot seguit podeu mirar el v\u00eddeo que hem elaborat amb els poemes que ens heu fet arribar amb motiu de la Setmana Liter\u00e0ria. Us volem agrair la vostra participaci\u00f3, sense vosaltres no podr\u00edem fer aquestes activitats tan enriquidores per a tota la comunitat. Gr\u00e0cies de tot cor. Us desitgem una feli\u00e7 Diada de [&hellip;]<\/p>\n","protected":false},"author":4,"featured_media":6995,"comment_status":"closed","ping_status":"closed","sticky":false,"template":"","format":"standard","meta":{"_bbp_topic_count":0,"_bbp_reply_count":0,"_bbp_total_topic_count":0,"_bbp_total_reply_count":0,"_bbp_voice_count":0,"_bbp_anonymous_reply_count":0,"_bbp_topic_count_hidden":0,"_bbp_reply_count_hidden":0,"_bbp_forum_subforum_count":0,"site-sidebar-layout":"default","site-content-layout":"","ast-site-content-layout":"","site-content-style":"default","site-sidebar-style":"default","ast-global-header-display":"","ast-banner-title-visibility":"","ast-main-header-display":"","ast-hfb-above-header-display":"","ast-hfb-below-header-display":"","ast-hfb-mobile-header-display":"","site-post-title":"","ast-breadcrumbs-content":"","ast-featured-img":"","footer-sml-layout":"","theme-transparent-header-meta":"","adv-header-id-meta":"","stick-header-meta":"","header-above-stick-meta":"","header-main-stick-meta":"","header-below-stick-meta":"","astra-migrate-meta-layouts":"default","ast-page-background-enabled":"default","ast-page-background-meta":{"desktop":{"background-color":"var(--ast-global-color-4)","background-image":"","background-repeat":"repeat","background-position":"center center","background-size":"auto","background-attachment":"scroll","background-type":"","background-media":"","overlay-type":"","overlay-color":"","overlay-opacity":"","overlay-gradient":""},"tablet":{"background-color":"","background-image":"","background-repeat":"repeat","background-position":"center center","background-size":"auto","background-attachment":"scroll","background-type":"","background-media":"","overlay-type":"","overlay-color":"","overlay-opacity":"","overlay-gradient":""},"mobile":{"background-color":"","background-image":"","background-repeat":"repeat","background-position":"center center","background-size":"auto","background-attachment":"scroll","background-type":"","background-media":"","overlay-type":"","overlay-color":"","overlay-opacity":"","overlay-gradient":""}},"ast-content-background-meta":{"desktop":{"background-color":"var(--ast-global-color-5)","background-image":"","background-repeat":"repeat","background-position":"center center","background-size":"auto","background-attachment":"scroll","background-type":"","background-media":"","overlay-type":"","overlay-color":"","overlay-opacity":"","overlay-gradient":""},"tablet":{"background-color":"var(--ast-global-color-5)","background-image":"","background-repeat":"repeat","background-position":"center center","background-size":"auto","background-attachment":"scroll","background-type":"","background-media":"","overlay-type":"","overlay-color":"","overlay-opacity":"","overlay-gradient":""},"mobile":{"background-color":"var(--ast-global-color-5)","background-image":"","background-repeat":"repeat","background-position":"center center","background-size":"auto","background-attachment":"scroll","background-type":"","background-media":"","overlay-type":"","overlay-color":"","overlay-opacity":"","overlay-gradient":""}},"footnotes":""},"categories":[62,63,61,2,72,1,4,5],"tags":[],"class_list":["post-6980","post","type-post","status-publish","format-standard","has-post-thumbnail","hentry","category-cm","category-cs","category-ci","category-infantil","category-festes","category-general","category-portada","category-primaria"],"post_mailing_queue_ids":[],"_links":{"self":[{"href":"https:\/\/agora.xtec.cat\/ceip-peredetera\/wp-json\/wp\/v2\/posts\/6980","targetHints":{"allow":["GET"]}}],"collection":[{"href":"https:\/\/agora.xtec.cat\/ceip-peredetera\/wp-json\/wp\/v2\/posts"}],"about":[{"href":"https:\/\/agora.xtec.cat\/ceip-peredetera\/wp-json\/wp\/v2\/types\/post"}],"author":[{"embeddable":true,"href":"https:\/\/agora.xtec.cat\/ceip-peredetera\/wp-json\/wp\/v2\/users\/4"}],"replies":[{"embeddable":true,"href":"https:\/\/agora.xtec.cat\/ceip-peredetera\/wp-json\/wp\/v2\/comments?post=6980"}],"version-history":[{"count":2,"href":"https:\/\/agora.xtec.cat\/ceip-peredetera\/wp-json\/wp\/v2\/posts\/6980\/revisions"}],"predecessor-version":[{"id":6996,"href":"https:\/\/agora.xtec.cat\/ceip-peredetera\/wp-json\/wp\/v2\/posts\/6980\/revisions\/6996"}],"wp:featuredmedia":[{"embeddable":true,"href":"https:\/\/agora.xtec.cat\/ceip-peredetera\/wp-json\/wp\/v2\/media\/6995"}],"wp:attachment":[{"href":"https:\/\/agora.xtec.cat\/ceip-peredetera\/wp-json\/wp\/v2\/media?parent=6980"}],"wp:term":[{"taxonomy":"category","embeddable":true,"href":"https:\/\/agora.xtec.cat\/ceip-peredetera\/wp-json\/wp\/v2\/categories?post=6980"},{"taxonomy":"post_tag","embeddable":true,"href":"https:\/\/agora.xtec.cat\/ceip-peredetera\/wp-json\/wp\/v2\/tags?post=6980"}],"curies":[{"name":"wp","href":"https:\/\/api.w.org\/{rel}","templated":true}]}}