{"id":6948,"date":"2023-03-16T13:42:12","date_gmt":"2023-03-16T12:42:12","guid":{"rendered":"https:\/\/agora.xtec.cat\/ceip-peredetera\/?p=6948"},"modified":"2023-04-07T12:00:30","modified_gmt":"2023-04-07T10:00:30","slug":"els-nens-i-nenes-de-1r-anem-al-parc-guell","status":"publish","type":"post","link":"https:\/\/agora.xtec.cat\/ceip-peredetera\/general\/els-nens-i-nenes-de-1r-anem-al-parc-guell\/","title":{"rendered":"ELS NENS I NENES DE 1R ANEM AL PARC G\u00dcELL"},"content":{"rendered":"<p>El passat dia 3 de mar\u00e7 els nens i nenes de 1r vam anar al <strong>Parc G\u00fcell<\/strong> per con\u00e8ixer una de les construccions m\u00e9s famoses de l&#8217;arquitecte<strong> Antoni Gaud\u00ed<\/strong>. Uns dies abans tamb\u00e9 vam fer una <strong>gimcana<\/strong> per descobrir qui era l&#8217;Antoni Gaud\u00ed i quines eren les seves obres m\u00e9s conegudes. Finalment, hem realitzat un Kahoot aquesta setmana per recordar tot all\u00f2 que vam aprendre.<\/p>\n<p><img loading=\"lazy\" decoding=\"async\" class=\" wp-image-6949 aligncenter\" src=\"https:\/\/agora.xtec.cat\/ceip-peredetera\/wp-content\/uploads\/usu1268\/2023\/03\/COLLAGE_PARC_GUELL-300x202.png\" alt=\"\" width=\"298\" height=\"201\" srcset=\"https:\/\/agora.xtec.cat\/ceip-peredetera\/wp-content\/uploads\/usu1268\/2023\/03\/COLLAGE_PARC_GUELL-300x202.png 300w, https:\/\/agora.xtec.cat\/ceip-peredetera\/wp-content\/uploads\/usu1268\/2023\/03\/COLLAGE_PARC_GUELL-768x516.png 768w, https:\/\/agora.xtec.cat\/ceip-peredetera\/wp-content\/uploads\/usu1268\/2023\/03\/COLLAGE_PARC_GUELL.png 981w\" sizes=\"auto, (max-width: 298px) 100vw, 298px\" \/><\/p>\n<p style=\"text-align: center;\">Ens ho vam passar genial!<\/p>\n<p>&nbsp;<\/p>\n<h3 style=\"text-align: center;\"><strong><a href=\"https:\/\/photos.app.goo.gl\/DNFfvBVzMhM8h9KX8\" target=\"_blank\" rel=\"noopener\">FEU CLIC AQU\u00cd PER VEURE LES FOTOGRAFIES DEL PARC G\u00dcELL<\/a><\/strong><\/h3>\n","protected":false},"excerpt":{"rendered":"<p>El passat dia 3 de mar\u00e7 els nens i nenes de 1r vam anar al Parc G\u00fcell per con\u00e8ixer una de les construccions m\u00e9s famoses de l&#8217;arquitecte Antoni Gaud\u00ed. Uns dies abans tamb\u00e9 vam fer una gimcana per descobrir qui era l&#8217;Antoni Gaud\u00ed i quines eren les seves obres m\u00e9s conegudes. Finalment, hem realitzat un [&hellip;]<\/p>\n","protected":false},"author":4,"featured_media":6949,"comment_status":"closed","ping_status":"closed","sticky":false,"template":"","format":"standard","meta":{"_bbp_topic_count":0,"_bbp_reply_count":0,"_bbp_total_topic_count":0,"_bbp_total_reply_count":0,"_bbp_voice_count":0,"_bbp_anonymous_reply_count":0,"_bbp_topic_count_hidden":0,"_bbp_reply_count_hidden":0,"_bbp_forum_subforum_count":0,"site-sidebar-layout":"default","site-content-layout":"","ast-site-content-layout":"","site-content-style":"default","site-sidebar-style":"default","ast-global-header-display":"","ast-banner-title-visibility":"","ast-main-header-display":"","ast-hfb-above-header-display":"","ast-hfb-below-header-display":"","ast-hfb-mobile-header-display":"","site-post-title":"","ast-breadcrumbs-content":"","ast-featured-img":"","footer-sml-layout":"","theme-transparent-header-meta":"","adv-header-id-meta":"","stick-header-meta":"","header-above-stick-meta":"","header-main-stick-meta":"","header-below-stick-meta":"","astra-migrate-meta-layouts":"default","ast-page-background-enabled":"default","ast-page-background-meta":{"desktop":{"background-color":"var(--ast-global-color-4)","background-image":"","background-repeat":"repeat","background-position":"center center","background-size":"auto","background-attachment":"scroll","background-type":"","background-media":"","overlay-type":"","overlay-color":"","overlay-opacity":"","overlay-gradient":""},"tablet":{"background-color":"","background-image":"","background-repeat":"repeat","background-position":"center center","background-size":"auto","background-attachment":"scroll","background-type":"","background-media":"","overlay-type":"","overlay-color":"","overlay-opacity":"","overlay-gradient":""},"mobile":{"background-color":"","background-image":"","background-repeat":"repeat","background-position":"center center","background-size":"auto","background-attachment":"scroll","background-type":"","background-media":"","overlay-type":"","overlay-color":"","overlay-opacity":"","overlay-gradient":""}},"ast-content-background-meta":{"desktop":{"background-color":"var(--ast-global-color-5)","background-image":"","background-repeat":"repeat","background-position":"center center","background-size":"auto","background-attachment":"scroll","background-type":"","background-media":"","overlay-type":"","overlay-color":"","overlay-opacity":"","overlay-gradient":""},"tablet":{"background-color":"var(--ast-global-color-5)","background-image":"","background-repeat":"repeat","background-position":"center center","background-size":"auto","background-attachment":"scroll","background-type":"","background-media":"","overlay-type":"","overlay-color":"","overlay-opacity":"","overlay-gradient":""},"mobile":{"background-color":"var(--ast-global-color-5)","background-image":"","background-repeat":"repeat","background-position":"center center","background-size":"auto","background-attachment":"scroll","background-type":"","background-media":"","overlay-type":"","overlay-color":"","overlay-opacity":"","overlay-gradient":""}},"footnotes":""},"categories":[198,199,61,1,4,5,73],"tags":[443],"class_list":["post-6948","post","type-post","status-publish","format-standard","has-post-thumbnail","hentry","category-3a-cm","category-3b-cm","category-ci","category-general","category-portada","category-primaria","category-sortides","tag-curs-22-23"],"post_mailing_queue_ids":[],"_links":{"self":[{"href":"https:\/\/agora.xtec.cat\/ceip-peredetera\/wp-json\/wp\/v2\/posts\/6948","targetHints":{"allow":["GET"]}}],"collection":[{"href":"https:\/\/agora.xtec.cat\/ceip-peredetera\/wp-json\/wp\/v2\/posts"}],"about":[{"href":"https:\/\/agora.xtec.cat\/ceip-peredetera\/wp-json\/wp\/v2\/types\/post"}],"author":[{"embeddable":true,"href":"https:\/\/agora.xtec.cat\/ceip-peredetera\/wp-json\/wp\/v2\/users\/4"}],"replies":[{"embeddable":true,"href":"https:\/\/agora.xtec.cat\/ceip-peredetera\/wp-json\/wp\/v2\/comments?post=6948"}],"version-history":[{"count":2,"href":"https:\/\/agora.xtec.cat\/ceip-peredetera\/wp-json\/wp\/v2\/posts\/6948\/revisions"}],"predecessor-version":[{"id":6951,"href":"https:\/\/agora.xtec.cat\/ceip-peredetera\/wp-json\/wp\/v2\/posts\/6948\/revisions\/6951"}],"wp:featuredmedia":[{"embeddable":true,"href":"https:\/\/agora.xtec.cat\/ceip-peredetera\/wp-json\/wp\/v2\/media\/6949"}],"wp:attachment":[{"href":"https:\/\/agora.xtec.cat\/ceip-peredetera\/wp-json\/wp\/v2\/media?parent=6948"}],"wp:term":[{"taxonomy":"category","embeddable":true,"href":"https:\/\/agora.xtec.cat\/ceip-peredetera\/wp-json\/wp\/v2\/categories?post=6948"},{"taxonomy":"post_tag","embeddable":true,"href":"https:\/\/agora.xtec.cat\/ceip-peredetera\/wp-json\/wp\/v2\/tags?post=6948"}],"curies":[{"name":"wp","href":"https:\/\/api.w.org\/{rel}","templated":true}]}}