{"id":6715,"date":"2022-12-20T16:34:17","date_gmt":"2022-12-20T15:34:17","guid":{"rendered":"https:\/\/agora.xtec.cat\/ceip-peredetera\/?p=6715"},"modified":"2022-12-20T16:35:22","modified_gmt":"2022-12-20T15:35:22","slug":"capses-daprenentatge-a-cicle-superior","status":"publish","type":"post","link":"https:\/\/agora.xtec.cat\/ceip-peredetera\/portada\/capses-daprenentatge-a-cicle-superior\/","title":{"rendered":"Capses d&#8217;aprenentatge a Cicle Superior"},"content":{"rendered":"<p>Benvolgudes fam\u00edlies i visitants,<\/p>\n<p>Enguany, hem comen\u00e7at a realitzar les capses d&#8217;aprenentatge internivell, que vol dir que els grups de cinqu\u00e8 i sis\u00e8 es barregen per tal de poder ajudar-se m\u00fatuament, construir coneixement plegats i compartir habilitats i destreses, alhora que les potencien i desenvolupen.<\/p>\n<p>Treballar amb capses d&#8217;aprenentatge significa aprendre d&#8217;una forma molt competencial. Els nens i nenes es troben amb diferents reptes i situacions als quals han de buscar soluci\u00f3 i donar resposta. Tot i que el producte final \u00e9s important, en aquest proc\u00e9s d&#8217;aprenentatge el pes principal rau en el proc\u00e9s que l&#8217;alumnat realitza per tal d&#8217;arribar al final: indagaci\u00f3, cerca d&#8217;informaci\u00f3, reflexions, pensament cr\u00edtic, intercanvi d&#8217;idees&#8230; tot un seguit d&#8217;habilitats que d&#8217;altra manera serien m\u00e9s dif\u00edcils de potenciar.<\/p>\n<p>Per aconseguir tot aix\u00f2, disposem de 30 capses sobre tem\u00e0tiques molt diferents, fet que permet que els nens i nenes puguin triar aquelles que m\u00e9s els criden l&#8217;atenci\u00f3, sense ser necessari passar per totes les propostes al llarg del cicle, de manera que el seu aprenentatge esdev\u00e9 m\u00e9s personalitzat.<\/p>\n<p>Estem segurs que a casa us expliquen el que fan a les tardes de capses, perqu\u00e8 sovint esperen aquesta estona amb moltes ganes. Al seg\u00fcent enlla\u00e7 podreu veure un recull d&#8217;imatges.<\/p>\n<p><a href=\"https:\/\/photos.app.goo.gl\/HvMDdvExF2AuJ3GF9\">Fotos capses Cicle Superior<\/a><\/p>\n","protected":false},"excerpt":{"rendered":"<p>Benvolgudes fam\u00edlies i visitants, Enguany, hem comen\u00e7at a realitzar les capses d&#8217;aprenentatge internivell, que vol dir que els grups de cinqu\u00e8 i sis\u00e8 es barregen per tal de poder ajudar-se m\u00fatuament, construir coneixement plegats i compartir habilitats i destreses, alhora que les potencien i desenvolupen. Treballar amb capses d&#8217;aprenentatge significa aprendre d&#8217;una forma molt competencial. [&hellip;]<\/p>\n","protected":false},"author":4,"featured_media":0,"comment_status":"closed","ping_status":"closed","sticky":false,"template":"","format":"standard","meta":{"_bbp_topic_count":0,"_bbp_reply_count":0,"_bbp_total_topic_count":0,"_bbp_total_reply_count":0,"_bbp_voice_count":0,"_bbp_anonymous_reply_count":0,"_bbp_topic_count_hidden":0,"_bbp_reply_count_hidden":0,"_bbp_forum_subforum_count":0,"site-sidebar-layout":"default","site-content-layout":"","ast-site-content-layout":"","site-content-style":"default","site-sidebar-style":"default","ast-global-header-display":"","ast-banner-title-visibility":"","ast-main-header-display":"","ast-hfb-above-header-display":"","ast-hfb-below-header-display":"","ast-hfb-mobile-header-display":"","site-post-title":"","ast-breadcrumbs-content":"","ast-featured-img":"","footer-sml-layout":"","theme-transparent-header-meta":"","adv-header-id-meta":"","stick-header-meta":"","header-above-stick-meta":"","header-main-stick-meta":"","header-below-stick-meta":"","astra-migrate-meta-layouts":"default","ast-page-background-enabled":"default","ast-page-background-meta":{"desktop":{"background-color":"var(--ast-global-color-4)","background-image":"","background-repeat":"repeat","background-position":"center center","background-size":"auto","background-attachment":"scroll","background-type":"","background-media":"","overlay-type":"","overlay-color":"","overlay-opacity":"","overlay-gradient":""},"tablet":{"background-color":"","background-image":"","background-repeat":"repeat","background-position":"center center","background-size":"auto","background-attachment":"scroll","background-type":"","background-media":"","overlay-type":"","overlay-color":"","overlay-opacity":"","overlay-gradient":""},"mobile":{"background-color":"","background-image":"","background-repeat":"repeat","background-position":"center center","background-size":"auto","background-attachment":"scroll","background-type":"","background-media":"","overlay-type":"","overlay-color":"","overlay-opacity":"","overlay-gradient":""}},"ast-content-background-meta":{"desktop":{"background-color":"var(--ast-global-color-5)","background-image":"","background-repeat":"repeat","background-position":"center center","background-size":"auto","background-attachment":"scroll","background-type":"","background-media":"","overlay-type":"","overlay-color":"","overlay-opacity":"","overlay-gradient":""},"tablet":{"background-color":"var(--ast-global-color-5)","background-image":"","background-repeat":"repeat","background-position":"center center","background-size":"auto","background-attachment":"scroll","background-type":"","background-media":"","overlay-type":"","overlay-color":"","overlay-opacity":"","overlay-gradient":""},"mobile":{"background-color":"var(--ast-global-color-5)","background-image":"","background-repeat":"repeat","background-position":"center center","background-size":"auto","background-attachment":"scroll","background-type":"","background-media":"","overlay-type":"","overlay-color":"","overlay-opacity":"","overlay-gradient":""}},"footnotes":""},"categories":[11,10,65,64,63,4],"tags":[454,445,443],"class_list":["post-6715","post","type-post","status-publish","format-standard","hentry","category-6a-cs","category-5a-cs","category-6b-cs","category-5b-cs","category-cs","category-portada","tag-capses","tag-cicle-superior","tag-curs-22-23"],"post_mailing_queue_ids":[],"_links":{"self":[{"href":"https:\/\/agora.xtec.cat\/ceip-peredetera\/wp-json\/wp\/v2\/posts\/6715","targetHints":{"allow":["GET"]}}],"collection":[{"href":"https:\/\/agora.xtec.cat\/ceip-peredetera\/wp-json\/wp\/v2\/posts"}],"about":[{"href":"https:\/\/agora.xtec.cat\/ceip-peredetera\/wp-json\/wp\/v2\/types\/post"}],"author":[{"embeddable":true,"href":"https:\/\/agora.xtec.cat\/ceip-peredetera\/wp-json\/wp\/v2\/users\/4"}],"replies":[{"embeddable":true,"href":"https:\/\/agora.xtec.cat\/ceip-peredetera\/wp-json\/wp\/v2\/comments?post=6715"}],"version-history":[{"count":1,"href":"https:\/\/agora.xtec.cat\/ceip-peredetera\/wp-json\/wp\/v2\/posts\/6715\/revisions"}],"predecessor-version":[{"id":6719,"href":"https:\/\/agora.xtec.cat\/ceip-peredetera\/wp-json\/wp\/v2\/posts\/6715\/revisions\/6719"}],"wp:attachment":[{"href":"https:\/\/agora.xtec.cat\/ceip-peredetera\/wp-json\/wp\/v2\/media?parent=6715"}],"wp:term":[{"taxonomy":"category","embeddable":true,"href":"https:\/\/agora.xtec.cat\/ceip-peredetera\/wp-json\/wp\/v2\/categories?post=6715"},{"taxonomy":"post_tag","embeddable":true,"href":"https:\/\/agora.xtec.cat\/ceip-peredetera\/wp-json\/wp\/v2\/tags?post=6715"}],"curies":[{"name":"wp","href":"https:\/\/api.w.org\/{rel}","templated":true}]}}